{"id":12029,"date":"2026-04-27T13:03:19","date_gmt":"2026-04-27T13:03:19","guid":{"rendered":"https:\/\/7dias.com.do\/?p=531208"},"modified":"2026-04-27T13:03:19","modified_gmt":"2026-04-27T13:03:19","slug":"francisco-tavarez-presentara-su-libro-sobre-haiti-y-republica-dominicana-en-la-filbo-2026","status":"publish","type":"post","link":"https:\/\/opinionvertical.com\/?p=12029","title":{"rendered":"Francisco Tav\u00e1rez presentar\u00e1 su libro sobre Hait\u00ed y Rep\u00fablica Dominicana en la FILBo 2026"},"content":{"rendered":"<div><img decoding=\"async\" src=\"https:\/\/7dias.com.do\/wp-content\/uploads\/2026\/04\/WhatsApp-Image-2025-09-30-at-21.52.16-750x375-1.jpeg\" class=\"ff-og-image-inserted\"><\/div>\n<p>El escritor e investigador dominicano Francisco Tav\u00e1rez presentar\u00e1 el pr\u00f3ximo 1 de mayo su obra <em>La conjura haitiana y la maldici\u00f3n dominicana<\/em> en la Feria Internacional del Libro de Bogot\u00e1 2026, uno de los eventos editoriales m\u00e1s importantes del mundo hispanohablante. La feria se celebra del 21 de abril al 4 de mayo en Corferias, con m\u00e1s de 2,300 actividades programadas y una asistencia estimada de 600,000 visitantes.<\/p>\n<p>Publicada por Grupo Editorial Sial Pigmali\u00f3n, la obra \u2014con el subt\u00edtulo <em>Hait\u00ed desclasificado<\/em>\u2014 es el resultado de tres a\u00f1os de investigaci\u00f3n period\u00edstica e hist\u00f3rica. A lo largo de sus p\u00e1ginas, Tav\u00e1rez examina 221 a\u00f1os de historia haitiana para analizar las causas estructurales, los intereses imperiales y las din\u00e1micas internas que han conducido al colapso del pa\u00eds, as\u00ed como su impacto en la Rep\u00fablica Dominicana y en la regi\u00f3n del Caribe.<\/p>\n<p>El autor plantea como eje central la idea de dos naciones \u201csiamesas\u201d, unidas por la geograf\u00eda pero separadas por trayectorias hist\u00f3ricas y pol\u00edticas que han generado tensiones y percepciones encontradas. \u201cLos dominicanos hemos sido solidarios con Hait\u00ed, incluso cuando una parte de su poblaci\u00f3n ha cre\u00eddo en una leyenda negra que nos culpa de su tragedia\u201d, afirm\u00f3 Tav\u00e1rez. Esta ser\u00e1 la segunda presentaci\u00f3n internacional del libro en una feria de alto nivel.<\/p>\n<p>El an\u00e1lisis cobra especial relevancia en el contexto actual de Hait\u00ed, donde la crisis humanitaria y de seguridad alcanza niveles cr\u00edticos. Seg\u00fan el secretario general de la Organizaci\u00f3n de las Naciones Unidas, Ant\u00f3nio Guterres, entre enero y noviembre de 2025 se registraron m\u00e1s de 8,100 homicidios. Adem\u00e1s, organismos como el Comit\u00e9 Internacional de Rescate reportan que 5.7 millones de personas sufren desnutrici\u00f3n y m\u00e1s de 1.4 millones han sido desplazadas, casi la mitad de ellos ni\u00f1os.<\/p>\n<p>M\u00e1s all\u00e1 del diagn\u00f3stico, el libro desmonta mitos hist\u00f3ricos, examina estructuras de poder colonial y neocolonial, y propone l\u00edneas de acci\u00f3n en materia de pol\u00edtica p\u00fablica. La obra cuenta con el respaldo del analista geopol\u00edtico Pedro Ba\u00f1os y del acad\u00e9mico Jos\u00e9 Miguel Soto Jim\u00e9nez, miembro de la Academia Dominicana de la Historia.<\/p>\n","protected":false},"excerpt":{"rendered":"<p>El escritor e investigador dominicano Francisco Tav\u00e1rez presentar\u00e1 el pr\u00f3ximo 1 de mayo su obra La conjura haitiana y la maldici\u00f3n dominicana en la Feria Internacional del Libro de Bogot\u00e1 2026, uno de los eventos editoriales m\u00e1s importantes del mundo hispanohablante. La feria se celebra del 21 de abril al 4 de mayo en Corferias, [&hellip;]<\/p>\n","protected":false},"author":1,"featured_media":12030,"comment_status":"closed","ping_status":"closed","sticky":false,"template":"","format":"standard","meta":{"_monsterinsights_skip_tracking":false,"_monsterinsights_sitenote_active":false,"_monsterinsights_sitenote_note":"","_monsterinsights_sitenote_category":0,"_jetpack_memberships_contains_paid_content":false,"footnotes":""},"categories":[179],"tags":[],"class_list":["post-12029","post","type-post","status-publish","format-standard","has-post-thumbnail","hentry","category-variedades"],"jetpack_featured_media_url":"https:\/\/opinionvertical.com\/wp-content\/uploads\/2026\/04\/francisco-tavarez-presentara-su-libro-sobre-haiti-y-republica-dominicana-en-la-filbo-2026.jpg","jetpack_sharing_enabled":true,"_links":{"self":[{"href":"https:\/\/opinionvertical.com\/index.php?rest_route=\/wp\/v2\/posts\/12029","targetHints":{"allow":["GET"]}}],"collection":[{"href":"https:\/\/opinionvertical.com\/index.php?rest_route=\/wp\/v2\/posts"}],"about":[{"href":"https:\/\/opinionvertical.com\/index.php?rest_route=\/wp\/v2\/types\/post"}],"author":[{"embeddable":true,"href":"https:\/\/opinionvertical.com\/index.php?rest_route=\/wp\/v2\/users\/1"}],"replies":[{"embeddable":true,"href":"https:\/\/opinionvertical.com\/index.php?rest_route=%2Fwp%2Fv2%2Fcomments&post=12029"}],"version-history":[{"count":0,"href":"https:\/\/opinionvertical.com\/index.php?rest_route=\/wp\/v2\/posts\/12029\/revisions"}],"wp:featuredmedia":[{"embeddable":true,"href":"https:\/\/opinionvertical.com\/index.php?rest_route=\/wp\/v2\/media\/12030"}],"wp:attachment":[{"href":"https:\/\/opinionvertical.com\/index.php?rest_route=%2Fwp%2Fv2%2Fmedia&parent=12029"}],"wp:term":[{"taxonomy":"category","embeddable":true,"href":"https:\/\/opinionvertical.com\/index.php?rest_route=%2Fwp%2Fv2%2Fcategories&post=12029"},{"taxonomy":"post_tag","embeddable":true,"href":"https:\/\/opinionvertical.com\/index.php?rest_route=%2Fwp%2Fv2%2Ftags&post=12029"}],"curies":[{"name":"wp","href":"https:\/\/api.w.org\/{rel}","templated":true}]}}