{"id":12327,"date":"2026-04-27T18:52:10","date_gmt":"2026-04-27T18:52:10","guid":{"rendered":"https:\/\/7dias.com.do\/?p=531082"},"modified":"2026-04-27T18:52:10","modified_gmt":"2026-04-27T18:52:10","slug":"atentado-en-colombia-deja-21-muertos-y-56-heridos","status":"publish","type":"post","link":"https:\/\/opinionvertical.com\/?p=12327","title":{"rendered":"Atentado en Colombia deja 21 muertos y 56 heridos"},"content":{"rendered":"<div><img decoding=\"async\" src=\"https:\/\/7dias.com.do\/wp-content\/uploads\/2026\/04\/MIPRWPQCBRHSHN3ZVG2UICPKKE.jpeg\" class=\"ff-og-image-inserted\"><\/div>\n<p>Bogot\u00e1, Colombia. \u2013 Al menos 21 personas han fallecido debido a un atentado en la v\u00eda Panamericana, en el sector de El T\u00fanel, cerca del municipio de Cajib\u00edo (Cauca).<\/p>\n<p>Las autoridades reportaron otros 56 heridos.<\/p>\n<p>El ministro de Defensa, Pedro S\u00e1nchez Su\u00e1rez, considera que el hecho ocurrido este lunes es uno de los m\u00e1s graves en el pa\u00eds.<\/p>\n<p>Debido al atentado, la v\u00eda Panamericana qued\u00f3 completamente bloqueada.<\/p>\n<p>Los da\u00f1os causados por la explosi\u00f3n se registraron en el sector de El T\u00fanel, Cajib\u00edo, lo que provoc\u00f3 una par\u00e1lisis en el suroccidente del pa\u00eds.<\/p>\n<p>\u00abEn este caso de los atentados terroristas, es muy probable que el atentado que ocurri\u00f3 en la Panamericana, donde lamentablemente la cifra de muertos asciende a unos 21 y hay aproximadamente 56 heridos debido a la gran carga explosiva, sea el responsable\u00bb, dijo el ministro.<\/p>\n<p>Inform\u00f3 que en la zona de desastre hay 13 pelotones blindados, 12 de infanter\u00eda y sistemas avanzados de vigilancia.<\/p>\n<p>S\u00e1nchez Su\u00e1rez presume que detr\u00e1s de la escalada podr\u00edan estar \u00abestructuras de disidencias de las FARC-Fuerzas Armadas Revolucionarias de Colombia\u00bb.<\/p>\n<p>El funcionario indic\u00f3 que alias Marlon estar\u00eda entre los principales responsables de los ataques recientes.<\/p>\n","protected":false},"excerpt":{"rendered":"<p>Bogot\u00e1, Colombia. \u2013 Al menos 21 personas han fallecido debido a un atentado en la v\u00eda Panamericana, en el sector de El T\u00fanel, cerca del municipio de Cajib\u00edo (Cauca). Las autoridades reportaron otros 56 heridos. El ministro de Defensa, Pedro S\u00e1nchez Su\u00e1rez, considera que el hecho ocurrido este lunes es uno de los m\u00e1s graves [&hellip;]<\/p>\n","protected":false},"author":1,"featured_media":12328,"comment_status":"closed","ping_status":"closed","sticky":false,"template":"","format":"standard","meta":{"_monsterinsights_skip_tracking":false,"_monsterinsights_sitenote_active":false,"_monsterinsights_sitenote_note":"","_monsterinsights_sitenote_category":0,"_jetpack_memberships_contains_paid_content":false,"footnotes":""},"categories":[176],"tags":[],"class_list":["post-12327","post","type-post","status-publish","format-standard","has-post-thumbnail","hentry","category-internacionales"],"jetpack_featured_media_url":"https:\/\/opinionvertical.com\/wp-content\/uploads\/2026\/04\/atentado-en-colombia-deja-21-muertos-y-56-heridos.jpg","jetpack_sharing_enabled":true,"_links":{"self":[{"href":"https:\/\/opinionvertical.com\/index.php?rest_route=\/wp\/v2\/posts\/12327","targetHints":{"allow":["GET"]}}],"collection":[{"href":"https:\/\/opinionvertical.com\/index.php?rest_route=\/wp\/v2\/posts"}],"about":[{"href":"https:\/\/opinionvertical.com\/index.php?rest_route=\/wp\/v2\/types\/post"}],"author":[{"embeddable":true,"href":"https:\/\/opinionvertical.com\/index.php?rest_route=\/wp\/v2\/users\/1"}],"replies":[{"embeddable":true,"href":"https:\/\/opinionvertical.com\/index.php?rest_route=%2Fwp%2Fv2%2Fcomments&post=12327"}],"version-history":[{"count":0,"href":"https:\/\/opinionvertical.com\/index.php?rest_route=\/wp\/v2\/posts\/12327\/revisions"}],"wp:featuredmedia":[{"embeddable":true,"href":"https:\/\/opinionvertical.com\/index.php?rest_route=\/wp\/v2\/media\/12328"}],"wp:attachment":[{"href":"https:\/\/opinionvertical.com\/index.php?rest_route=%2Fwp%2Fv2%2Fmedia&parent=12327"}],"wp:term":[{"taxonomy":"category","embeddable":true,"href":"https:\/\/opinionvertical.com\/index.php?rest_route=%2Fwp%2Fv2%2Fcategories&post=12327"},{"taxonomy":"post_tag","embeddable":true,"href":"https:\/\/opinionvertical.com\/index.php?rest_route=%2Fwp%2Fv2%2Ftags&post=12327"}],"curies":[{"name":"wp","href":"https:\/\/api.w.org\/{rel}","templated":true}]}}