{"id":12694,"date":"2026-04-28T13:15:10","date_gmt":"2026-04-28T13:15:10","guid":{"rendered":"https:\/\/7dias.com.do\/?p=531523"},"modified":"2026-04-28T13:15:10","modified_gmt":"2026-04-28T13:15:10","slug":"fallecio-a-los-81-anos-de-edad-el-tecnico-espanol-moncho-monsalve-quien-dirigio-la-seleccion-dominicana-de-basket","status":"publish","type":"post","link":"https:\/\/opinionvertical.com\/?p=12694","title":{"rendered":"Falleci\u00f3 a los 81 a\u00f1os de edad el t\u00e9cnico espa\u00f1ol Moncho Monsalve quien dirigi\u00f3 la selecci\u00f3n dominicana de basket"},"content":{"rendered":"<div><img decoding=\"async\" src=\"https:\/\/7dias.com.do\/wp-content\/uploads\/2026\/04\/Moncho-Monsalve-fue-el-dirigente-de-la-seleccion-dominicana-en-CentroBasket-1995.jpg\" class=\"ff-og-image-inserted\"><\/div>\n<p>ESPA\u00d1A.- El espa\u00f1ol Moncho Monsalve, exjugador y exentrenador de baloncesto, ha fallecido este martes a los 81 a\u00f1os de edad seg\u00fan han confirmado, entre otras fuentes, la Asociaci\u00f3n de Jugadores del Real Madrid, club con el que gan\u00f3, entre otros t\u00edtulos, tres Copas de Europa y tres ligas.<\/p>\n<p>Adem\u00e1s en el club blanco Monsalve jug\u00f3 tambi\u00e9n con la selecci\u00f3n espa\u00f1ola 61 partidos, particip\u00f3 en los Europeos de Polonia 1963, URSS 1965 y Finlandia 1967 y el Mundial de Chile 1966 antes de su retirada en el a\u00f1o 1972, cuando comenz\u00f3 su carrera como entrenador.<\/p>\n<p>A lo largo de la misma dirigi\u00f3 a clubes como el Barcelona, el Cantabria Lobos, el Zaragoza, el Murcia o el Oximesa Granada, y a selecciones como las de Marruecos, Rep\u00fablica Dominicana o Brasil, con la que conquist\u00f3 el oro en el Torneo de las Am\u00e9ricas del a\u00f1o 2009, clasificando al equipo para el Mundial de Turqu\u00eda del 2010.&nbsp;<\/p>\n<p>En el 2024 ingres\u00f3 en el Sal\u00f3n de la Fama del baloncesto espa\u00f1ol en el apartado de entrenadores en sucuarta edici\u00f3n.<\/p>\n","protected":false},"excerpt":{"rendered":"<p>ESPA\u00d1A.- El espa\u00f1ol Moncho Monsalve, exjugador y exentrenador de baloncesto, ha fallecido este martes a los 81 a\u00f1os de edad seg\u00fan han confirmado, entre otras fuentes, la Asociaci\u00f3n de Jugadores del Real Madrid, club con el que gan\u00f3, entre otros t\u00edtulos, tres Copas de Europa y tres ligas. Adem\u00e1s en el club blanco Monsalve jug\u00f3 [&hellip;]<\/p>\n","protected":false},"author":1,"featured_media":12695,"comment_status":"closed","ping_status":"closed","sticky":false,"template":"","format":"standard","meta":{"_monsterinsights_skip_tracking":false,"_monsterinsights_sitenote_active":false,"_monsterinsights_sitenote_note":"","_monsterinsights_sitenote_category":0,"_jetpack_memberships_contains_paid_content":false,"footnotes":""},"categories":[182],"tags":[],"class_list":["post-12694","post","type-post","status-publish","format-standard","has-post-thumbnail","hentry","category-deportes"],"jetpack_featured_media_url":"https:\/\/opinionvertical.com\/wp-content\/uploads\/2026\/04\/fallecio-a-los-81-anos-de-edad-el-tecnico-espanol-moncho-monsalve-quien-dirigio-la-seleccion-dominicana-de-basket.jpg","jetpack_sharing_enabled":true,"_links":{"self":[{"href":"https:\/\/opinionvertical.com\/index.php?rest_route=\/wp\/v2\/posts\/12694","targetHints":{"allow":["GET"]}}],"collection":[{"href":"https:\/\/opinionvertical.com\/index.php?rest_route=\/wp\/v2\/posts"}],"about":[{"href":"https:\/\/opinionvertical.com\/index.php?rest_route=\/wp\/v2\/types\/post"}],"author":[{"embeddable":true,"href":"https:\/\/opinionvertical.com\/index.php?rest_route=\/wp\/v2\/users\/1"}],"replies":[{"embeddable":true,"href":"https:\/\/opinionvertical.com\/index.php?rest_route=%2Fwp%2Fv2%2Fcomments&post=12694"}],"version-history":[{"count":0,"href":"https:\/\/opinionvertical.com\/index.php?rest_route=\/wp\/v2\/posts\/12694\/revisions"}],"wp:featuredmedia":[{"embeddable":true,"href":"https:\/\/opinionvertical.com\/index.php?rest_route=\/wp\/v2\/media\/12695"}],"wp:attachment":[{"href":"https:\/\/opinionvertical.com\/index.php?rest_route=%2Fwp%2Fv2%2Fmedia&parent=12694"}],"wp:term":[{"taxonomy":"category","embeddable":true,"href":"https:\/\/opinionvertical.com\/index.php?rest_route=%2Fwp%2Fv2%2Fcategories&post=12694"},{"taxonomy":"post_tag","embeddable":true,"href":"https:\/\/opinionvertical.com\/index.php?rest_route=%2Fwp%2Fv2%2Ftags&post=12694"}],"curies":[{"name":"wp","href":"https:\/\/api.w.org\/{rel}","templated":true}]}}