{"id":13585,"date":"2026-04-29T14:41:52","date_gmt":"2026-04-29T14:41:52","guid":{"rendered":"https:\/\/7dias.com.do\/?p=531836"},"modified":"2026-04-29T14:41:52","modified_gmt":"2026-04-29T14:41:52","slug":"lorenny-solano-vuelve-a-destacar-entre-los-100-comunicadores-mas-influyentes-de-rd","status":"publish","type":"post","link":"https:\/\/opinionvertical.com\/?p=13585","title":{"rendered":"Lorenny Solano vuelve a destacar entre los 100 comunicadores m\u00e1s influyentes de RD"},"content":{"rendered":"<div><img decoding=\"async\" src=\"https:\/\/7dias.com.do\/wp-content\/uploads\/2026\/04\/WhatsApp-Image-2026-04-29-at-10.02.58-AM-e1777472570240.jpeg\" class=\"ff-og-image-inserted\"><\/div>\n<p>Santo Domingo, R.D. \u2013 La comunicadora, periodista y activista social Lorenny Solano fue incluida nuevamente en el prestigioso ranking de los 100 comunicadores m\u00e1s influyentes de la Rep\u00fablica Dominicana, presentado por la Fundaci\u00f3n del C\u00edrculo de Medios Digitales y Redes Sociales (FUCIMDRES), consolidando as\u00ed su crecimiento sostenido dentro del ecosistema medi\u00e1tico nacional.<\/p>\n<p>FUCIMDRES explic\u00f3 que el estudio fue elaborado junto a tres firmas de relaciones p\u00fablicas, mediante encuestas desarrolladas en las plataformas Facebook e Instagram, con la participaci\u00f3n de cientos de personas vinculadas al \u00e1rea de la comunicaci\u00f3n, valorando incidencia, reconocimiento e impacto en medios tradicionales y digitales.<\/p>\n<p>Lorenny Solano ha desarrollado una carrera multifac\u00e9tica que combina comunicaci\u00f3n, producci\u00f3n y liderazgo empresarial. Actualmente es CEO de Grupo LASO, Directora General de LASO TV, y conductora principal del programa matutino A Primera Hora, transmitido por Telemedios Canal 8, espacio desde el cual impulsa contenidos informativos, entrevistas y temas de alto inter\u00e9s nacional.<\/p>\n<p>Adem\u00e1s de su rol en los medios, Solano se ha destacado por su compromiso social y defensa de causas ciudadanas, especialmente a trav\u00e9s de iniciativas vinculadas a salud, bienestar animal, solidaridad comunitaria y educaci\u00f3n p\u00fablica, convirti\u00e9ndose en una figura que trasciende la pantalla.<\/p>\n<p>El ranking 2025 fue encabezado por Santiago Mat\u00edas, seguido de Julio Mart\u00ednez Pozo y Nuria Piera, mientras que tambi\u00e9n figuran reconocidas personalidades como Roberto Cavada, Alicia Ortega, Iv\u00e1n Ruiz, Danny Alc\u00e1ntara e Iluminada Mu\u00f1oz, entre otras destacadas voces del pa\u00eds.<\/p>\n<p>La nueva inclusi\u00f3n de Lorenny Solano en este listado confirma el fortalecimiento de su marca personal, su credibilidad p\u00fablica y su posicionamiento como una de las comunicadoras de mayor crecimiento e influencia en la Rep\u00fablica Dominicana.<\/p>\n","protected":false},"excerpt":{"rendered":"<p>Santo Domingo, R.D. \u2013 La comunicadora, periodista y activista social Lorenny Solano fue incluida nuevamente en el prestigioso ranking de los 100 comunicadores m\u00e1s influyentes de la Rep\u00fablica Dominicana, presentado por la Fundaci\u00f3n del C\u00edrculo de Medios Digitales y Redes Sociales (FUCIMDRES), consolidando as\u00ed su crecimiento sostenido dentro del ecosistema medi\u00e1tico nacional. FUCIMDRES explic\u00f3 que [&hellip;]<\/p>\n","protected":false},"author":1,"featured_media":13586,"comment_status":"closed","ping_status":"closed","sticky":false,"template":"","format":"standard","meta":{"_monsterinsights_skip_tracking":false,"_monsterinsights_sitenote_active":false,"_monsterinsights_sitenote_note":"","_monsterinsights_sitenote_category":0,"_jetpack_memberships_contains_paid_content":false,"footnotes":""},"categories":[179],"tags":[],"class_list":["post-13585","post","type-post","status-publish","format-standard","has-post-thumbnail","hentry","category-variedades"],"jetpack_featured_media_url":"https:\/\/opinionvertical.com\/wp-content\/uploads\/2026\/04\/lorenny-solano-vuelve-a-destacar-entre-los-100-comunicadores-mas-influyentes-de-rd.jpg","jetpack_sharing_enabled":true,"_links":{"self":[{"href":"https:\/\/opinionvertical.com\/index.php?rest_route=\/wp\/v2\/posts\/13585","targetHints":{"allow":["GET"]}}],"collection":[{"href":"https:\/\/opinionvertical.com\/index.php?rest_route=\/wp\/v2\/posts"}],"about":[{"href":"https:\/\/opinionvertical.com\/index.php?rest_route=\/wp\/v2\/types\/post"}],"author":[{"embeddable":true,"href":"https:\/\/opinionvertical.com\/index.php?rest_route=\/wp\/v2\/users\/1"}],"replies":[{"embeddable":true,"href":"https:\/\/opinionvertical.com\/index.php?rest_route=%2Fwp%2Fv2%2Fcomments&post=13585"}],"version-history":[{"count":0,"href":"https:\/\/opinionvertical.com\/index.php?rest_route=\/wp\/v2\/posts\/13585\/revisions"}],"wp:featuredmedia":[{"embeddable":true,"href":"https:\/\/opinionvertical.com\/index.php?rest_route=\/wp\/v2\/media\/13586"}],"wp:attachment":[{"href":"https:\/\/opinionvertical.com\/index.php?rest_route=%2Fwp%2Fv2%2Fmedia&parent=13585"}],"wp:term":[{"taxonomy":"category","embeddable":true,"href":"https:\/\/opinionvertical.com\/index.php?rest_route=%2Fwp%2Fv2%2Fcategories&post=13585"},{"taxonomy":"post_tag","embeddable":true,"href":"https:\/\/opinionvertical.com\/index.php?rest_route=%2Fwp%2Fv2%2Ftags&post=13585"}],"curies":[{"name":"wp","href":"https:\/\/api.w.org\/{rel}","templated":true}]}}