{"id":13604,"date":"2026-04-29T15:28:10","date_gmt":"2026-04-29T15:28:10","guid":{"rendered":"https:\/\/7dias.com.do\/?p=531894"},"modified":"2026-04-29T15:28:10","modified_gmt":"2026-04-29T15:28:10","slug":"cdp-felicita-a-fausto-polanco-por-su-eleccion-como-presidente-de-adopae-para-2026-2028","status":"publish","type":"post","link":"https:\/\/opinionvertical.com\/?p=13604","title":{"rendered":"CDP felicita a Fausto Polanco por su elecci\u00f3n como presidente de Adopae para 2026-2028"},"content":{"rendered":"<div><img decoding=\"async\" src=\"https:\/\/7dias.com.do\/wp-content\/uploads\/2026\/04\/fausto_polanco.jpg\" class=\"ff-og-image-inserted\"><\/div>\n<p>Santo Domingo, RD.- El Colegio Dominicano de Periodistas (CDP), presidido por el catedr\u00e1tico Luis P\u00e9rez, expres\u00f3 sus felicitaciones al comunicador Fausto Polanco por su elecci\u00f3n como presidente de la Academia Dominicana de Periodistas de Arte y Espect\u00e1culos (Adopae) para el per\u00edodo 2026-2028.<\/p>\n<p>El gremio destac\u00f3 la trayectoria profesional de Polanco, as\u00ed como su compromiso con el ejercicio \u00e9tico del periodismo cultural y de entretenimiento en la Rep\u00fablica Dominicana. El CDP valor\u00f3 su designaci\u00f3n como un reconocimiento a su dedicaci\u00f3n, liderazgo y contribuciones al fortalecimiento del periodismo especializado.<\/p>\n<p>La Academia Dominicana de Periodistas de Arte y Espect\u00e1culos (Adopae) renov\u00f3 recientemente su dirigencia durante una asamblea celebrada el pasado s\u00e1bado, que cont\u00f3 con una amplia participaci\u00f3n de sus miembros. En dicho encuentro, tambi\u00e9n se eligieron los integrantes del nuevo consejo directivo y de la comisi\u00f3n de \u00e9tica de la instituci\u00f3n.<\/p>\n<p>La elecci\u00f3n se llev\u00f3 a cabo de manera un\u00e1nime, resultando electo como presidente el periodista y escritor Fausto Polanco, miembro fundador de la entidad y actual editor de Espect\u00e1culos del peri\u00f3dico El D\u00eda.<\/p>\n<p>El CDP expres\u00f3 su confianza en que la nueva directiva de Adopae llevar\u00e1 a cabo una gesti\u00f3n exitosa, enfocada en el fortalecimiento gremial, la capacitaci\u00f3n profesional y la implementaci\u00f3n de iniciativas que promuevan el desarrollo del periodismo cultural y de entretenimiento en el pa\u00eds.<\/p>\n<p>Finalmente, el Colegio Dominicano de Periodistas reiter\u00f3 su disposici\u00f3n para continuar colaborando con Adopae en favor del crecimiento y la defensa del ejercicio period\u00edstico en la Rep\u00fablica Dominicana.<\/p>\n","protected":false},"excerpt":{"rendered":"<p>Santo Domingo, RD.- El Colegio Dominicano de Periodistas (CDP), presidido por el catedr\u00e1tico Luis P\u00e9rez, expres\u00f3 sus felicitaciones al comunicador Fausto Polanco por su elecci\u00f3n como presidente de la Academia Dominicana de Periodistas de Arte y Espect\u00e1culos (Adopae) para el per\u00edodo 2026-2028. El gremio destac\u00f3 la trayectoria profesional de Polanco, as\u00ed como su compromiso con [&hellip;]<\/p>\n","protected":false},"author":1,"featured_media":13605,"comment_status":"closed","ping_status":"closed","sticky":false,"template":"","format":"standard","meta":{"_monsterinsights_skip_tracking":false,"_monsterinsights_sitenote_active":false,"_monsterinsights_sitenote_note":"","_monsterinsights_sitenote_category":0,"_jetpack_memberships_contains_paid_content":false,"footnotes":""},"categories":[179],"tags":[],"class_list":["post-13604","post","type-post","status-publish","format-standard","has-post-thumbnail","hentry","category-variedades"],"jetpack_featured_media_url":"https:\/\/opinionvertical.com\/wp-content\/uploads\/2026\/04\/cdp-felicita-a-fausto-polanco-por-su-eleccion-como-presidente-de-adopae-para-2026-2028.jpg","jetpack_sharing_enabled":true,"_links":{"self":[{"href":"https:\/\/opinionvertical.com\/index.php?rest_route=\/wp\/v2\/posts\/13604","targetHints":{"allow":["GET"]}}],"collection":[{"href":"https:\/\/opinionvertical.com\/index.php?rest_route=\/wp\/v2\/posts"}],"about":[{"href":"https:\/\/opinionvertical.com\/index.php?rest_route=\/wp\/v2\/types\/post"}],"author":[{"embeddable":true,"href":"https:\/\/opinionvertical.com\/index.php?rest_route=\/wp\/v2\/users\/1"}],"replies":[{"embeddable":true,"href":"https:\/\/opinionvertical.com\/index.php?rest_route=%2Fwp%2Fv2%2Fcomments&post=13604"}],"version-history":[{"count":0,"href":"https:\/\/opinionvertical.com\/index.php?rest_route=\/wp\/v2\/posts\/13604\/revisions"}],"wp:featuredmedia":[{"embeddable":true,"href":"https:\/\/opinionvertical.com\/index.php?rest_route=\/wp\/v2\/media\/13605"}],"wp:attachment":[{"href":"https:\/\/opinionvertical.com\/index.php?rest_route=%2Fwp%2Fv2%2Fmedia&parent=13604"}],"wp:term":[{"taxonomy":"category","embeddable":true,"href":"https:\/\/opinionvertical.com\/index.php?rest_route=%2Fwp%2Fv2%2Fcategories&post=13604"},{"taxonomy":"post_tag","embeddable":true,"href":"https:\/\/opinionvertical.com\/index.php?rest_route=%2Fwp%2Fv2%2Ftags&post=13604"}],"curies":[{"name":"wp","href":"https:\/\/api.w.org\/{rel}","templated":true}]}}