{"id":13738,"date":"2026-04-29T20:34:32","date_gmt":"2026-04-29T20:34:32","guid":{"rendered":"https:\/\/7dias.com.do\/?p=531992"},"modified":"2026-04-29T20:34:32","modified_gmt":"2026-04-29T20:34:32","slug":"comite-municipal-del-prm-resalta-logros-de-betty-geronimo-frente-a-ataques-de-la-oposicion","status":"publish","type":"post","link":"https:\/\/opinionvertical.com\/?p=13738","title":{"rendered":"Comit\u00e9 municipal del PRM resalta logros de Betty Ger\u00f3nimo frente a ataques de la oposici\u00f3n"},"content":{"rendered":"<div><img decoding=\"async\" src=\"https:\/\/7dias.com.do\/wp-content\/uploads\/2026\/04\/WhatsApp-Image-2026-04-29-at-2.17.13-PM.jpeg\" class=\"ff-og-image-inserted\"><\/div>\n<p>El PRM en Santo Domingo Norte califica de \u201cpol\u00edtica e insensata\u201d la campa\u00f1a contra la alcaldesa Betty Ger\u00f3nimo.<\/p>\n<p>Isidro Torres denuncia una campa\u00f1a de descr\u00e9dito por parte de la oposici\u00f3n y destaca la gesti\u00f3n de Betty Ger\u00f3nimo en obras, programas sociales y saneamiento, inst\u00e1ndola a mantener el enfoque en el desarrollo municipal.<\/p>\n<p>Santo Domingo Norte.- El Comit\u00e9 Municipal del Partido Revolucionario Moderno (PRM) en esta demarcaci\u00f3n calific\u00f3 como \u201cpol\u00edtica e insensata\u201d la campa\u00f1a que, seg\u00fan afirma, se ha orquestado en contra de la alcaldesa Betty Ger\u00f3nimo.<\/p>\n<p>El presidente del Comit\u00e9 Municipal del PRM, Isidro Torres, afirm\u00f3 que sectores desplazados de la Alcald\u00eda de Santo Domingo Norte tras las pasadas elecciones est\u00e1n llevando a cabo una ofensiva con el prop\u00f3sito de desacreditar la imagen que, en su opini\u00f3n, ha construido la actual alcaldesa sobre la base del trabajo continuo y el esfuerzo en favor de las comunidades.<\/p>\n<p>Afirm\u00f3 que la campa\u00f1a de ataques y cuestionamientos a la gesti\u00f3n municipal proviene de actores pol\u00edticos de la oposici\u00f3n que ya fueron derrotados por el PRM y su candidata en el proceso electoral de 2020.<\/p>\n<p>Torres destac\u00f3 que, durante sus dos a\u00f1os al frente del cabildo, la alcaldesa ha llevado a cabo una gesti\u00f3n cercana a los mun\u00edcipes, impulsando soluciones a problem\u00e1ticas comunitarias mediante el programa integral \u201cLa Alcald\u00eda en el Barrio\u201d. Indic\u00f3 que esta iniciativa ha impactado a diversos sectores con jornadas de limpieza, retiro de residuos s\u00f3lidos, as\u00ed como asistencia a familias vulnerables mediante la reparaci\u00f3n de viviendas, programas de salud y apoyo al emprendimiento.<\/p>\n<p>En el \u00e1mbito de la infraestructura, destac\u00f3 la construcci\u00f3n de aceras y contenes, la reparaci\u00f3n y pavimentaci\u00f3n de calles, as\u00ed como el fortalecimiento de centros comunales y funerarias municipales. Asimismo, resalt\u00f3 la intervenci\u00f3n en la estaci\u00f3n principal del Cuerpo de Bomberos de Villa Mella, que, seg\u00fan mencion\u00f3, se encontraba en estado de abandono debido a gestiones anteriores.<\/p>\n<p>El dirigente pol\u00edtico tambi\u00e9n destac\u00f3 el apoyo al deporte y a la juventud, a trav\u00e9s de la construcci\u00f3n y el mantenimiento de canchas y parques, as\u00ed como la entrega de equipamiento deportivo.<\/p>\n<p>De igual manera, destac\u00f3 que, en coordinaci\u00f3n con el Gobierno central \u2014a trav\u00e9s de la CAASD, el Ministerio de Obras P\u00fablicas y el Ministerio de Vivienda\u2014, el ayuntamiento ha desarrollado programas de saneamiento ambiental, incluyendo la canalizaci\u00f3n y mantenimiento de ca\u00f1adas, la construcci\u00f3n de polideportivos y proyectos de mejoramiento urbano, junto con iniciativas recreativas dirigidas a la ni\u00f1ez.<\/p>\n<p>En materia laboral, Torres destac\u00f3 el pago de prestaciones a exempleados municipales, se\u00f1alando que la alcaldesa ha destinado recursos del presupuesto para saldar deudas acumuladas de gestiones anteriores, lo cual calific\u00f3 como una muestra de sensibilidad y justicia social.<\/p>\n<p>Finalmente, consider\u00f3 que las cr\u00edticas responden a intereses pol\u00edticos y actitudes \u00abmezquinas\u00bb, y exhort\u00f3 a la alcaldesa Betty Ger\u00f3nimo a no distraerse ante lo que defini\u00f3 como ataques infundados. Reiter\u00f3 su llamado a que contin\u00fae enfocada en la gesti\u00f3n y el desarrollo del municipio.<\/p>\n","protected":false},"excerpt":{"rendered":"<p>El PRM en Santo Domingo Norte califica de \u201cpol\u00edtica e insensata\u201d la campa\u00f1a contra la alcaldesa Betty Ger\u00f3nimo. Isidro Torres denuncia una campa\u00f1a de descr\u00e9dito por parte de la oposici\u00f3n y destaca la gesti\u00f3n de Betty Ger\u00f3nimo en obras, programas sociales y saneamiento, inst\u00e1ndola a mantener el enfoque en el desarrollo municipal. Santo Domingo Norte.- [&hellip;]<\/p>\n","protected":false},"author":1,"featured_media":13739,"comment_status":"closed","ping_status":"closed","sticky":false,"template":"","format":"standard","meta":{"_monsterinsights_skip_tracking":false,"_monsterinsights_sitenote_active":false,"_monsterinsights_sitenote_note":"","_monsterinsights_sitenote_category":0,"_jetpack_memberships_contains_paid_content":false,"footnotes":""},"categories":[177],"tags":[],"class_list":["post-13738","post","type-post","status-publish","format-standard","has-post-thumbnail","hentry","category-politica"],"jetpack_featured_media_url":"https:\/\/opinionvertical.com\/wp-content\/uploads\/2026\/04\/comite-municipal-del-prm-resalta-logros-de-betty-geronimo-frente-a-ataques-de-la-oposicion.jpg","jetpack_sharing_enabled":true,"_links":{"self":[{"href":"https:\/\/opinionvertical.com\/index.php?rest_route=\/wp\/v2\/posts\/13738","targetHints":{"allow":["GET"]}}],"collection":[{"href":"https:\/\/opinionvertical.com\/index.php?rest_route=\/wp\/v2\/posts"}],"about":[{"href":"https:\/\/opinionvertical.com\/index.php?rest_route=\/wp\/v2\/types\/post"}],"author":[{"embeddable":true,"href":"https:\/\/opinionvertical.com\/index.php?rest_route=\/wp\/v2\/users\/1"}],"replies":[{"embeddable":true,"href":"https:\/\/opinionvertical.com\/index.php?rest_route=%2Fwp%2Fv2%2Fcomments&post=13738"}],"version-history":[{"count":0,"href":"https:\/\/opinionvertical.com\/index.php?rest_route=\/wp\/v2\/posts\/13738\/revisions"}],"wp:featuredmedia":[{"embeddable":true,"href":"https:\/\/opinionvertical.com\/index.php?rest_route=\/wp\/v2\/media\/13739"}],"wp:attachment":[{"href":"https:\/\/opinionvertical.com\/index.php?rest_route=%2Fwp%2Fv2%2Fmedia&parent=13738"}],"wp:term":[{"taxonomy":"category","embeddable":true,"href":"https:\/\/opinionvertical.com\/index.php?rest_route=%2Fwp%2Fv2%2Fcategories&post=13738"},{"taxonomy":"post_tag","embeddable":true,"href":"https:\/\/opinionvertical.com\/index.php?rest_route=%2Fwp%2Fv2%2Ftags&post=13738"}],"curies":[{"name":"wp","href":"https:\/\/api.w.org\/{rel}","templated":true}]}}