{"id":13746,"date":"2026-04-29T21:32:31","date_gmt":"2026-04-29T21:32:31","guid":{"rendered":"https:\/\/7dias.com.do\/?p=532019"},"modified":"2026-04-29T21:32:31","modified_gmt":"2026-04-29T21:32:31","slug":"victor-fadul-ve-al-pld-crecer-ante-la-frustracion-social-por-la-inflacion","status":"publish","type":"post","link":"https:\/\/opinionvertical.com\/?p=13746","title":{"rendered":"V\u00edctor Fadul ve al PLD crecer ante la frustraci\u00f3n social por la inflaci\u00f3n"},"content":{"rendered":"<div><img decoding=\"async\" src=\"https:\/\/7dias.com.do\/wp-content\/uploads\/2026\/04\/WhatsApp-Image-2026-04-29-at-4.51.50-PM-2.jpeg\" class=\"ff-og-image-inserted\"><\/div>\n<p>Santiago, RD.-. V\u00edctor Fadul, miembro del Comit\u00e9 Central del Partido de la Liberaci\u00f3n Dominicana (PLD), afirm\u00f3 que el crecimiento que experimenta esa organizaci\u00f3n se debe al malestar de la poblaci\u00f3n ante la situaci\u00f3n econ\u00f3mica, el alto costo de los alimentos y el deterioro de servicios p\u00fablicos como la salud y la educaci\u00f3n.<\/p>\n<p>Fadul afirm\u00f3 que, en los recorridos realizados por dirigentes pelede\u00edstas en distintas provincias, el principal reclamo de la ciudadan\u00eda est\u00e1 relacionado con los precios de productos b\u00e1sicos como los huevos, el arroz, la leche, el pollo, el salami y el aceite.<\/p>\n<p>\u00abA m\u00ed me preocupa bastante la situaci\u00f3n econ\u00f3mica y el tema de los precios de los alimentos, porque ese es el reclamo que m\u00e1s escuchamos en todas las visitas que realizamos\u00bb, expres\u00f3.<\/p>\n<p>El dirigente pelede\u00edsta afirm\u00f3 que, en su opini\u00f3n, el pa\u00eds ha retrocedido en \u00e1reas sensibles, como el sistema de salud, la educaci\u00f3n y la institucionalidad.<\/p>\n<p>Consider\u00f3 que este escenario ha generado un aumento en el inter\u00e9s de ciudadanos y dirigentes pol\u00edticos por integrarse al PLD, una organizaci\u00f3n que, seg\u00fan afirm\u00f3, es vista como una opci\u00f3n de poder para las elecciones de 2028.<\/p>\n<p>\u00abLa sociedad dominicana est\u00e1 desesperada y esperanzada en que llegue r\u00e1pidamente el a\u00f1o 2028 para que el PLD vuelva a gobernar\u00bb, afirm\u00f3.<\/p>\n<p>Asimismo, asegur\u00f3 que el proyecto presidencial de Francisco Javier Garc\u00eda est\u00e1 recibiendo respaldo en diferentes demarcaciones del pa\u00eds, incluyendo a personas de otras organizaciones pol\u00edticas.<\/p>\n<p>Afirm\u00f3 que este representa, en la coyuntura actual, una opci\u00f3n para que el PLD regrese al poder y pueda abordar los problemas nacionales que, seg\u00fan indic\u00f3, enfrenta la Rep\u00fablica Dominicana.<\/p>\n","protected":false},"excerpt":{"rendered":"<p>Santiago, RD.-. V\u00edctor Fadul, miembro del Comit\u00e9 Central del Partido de la Liberaci\u00f3n Dominicana (PLD), afirm\u00f3 que el crecimiento que experimenta esa organizaci\u00f3n se debe al malestar de la poblaci\u00f3n ante la situaci\u00f3n econ\u00f3mica, el alto costo de los alimentos y el deterioro de servicios p\u00fablicos como la salud y la educaci\u00f3n. Fadul afirm\u00f3 que, [&hellip;]<\/p>\n","protected":false},"author":1,"featured_media":13747,"comment_status":"closed","ping_status":"closed","sticky":false,"template":"","format":"standard","meta":{"_monsterinsights_skip_tracking":false,"_monsterinsights_sitenote_active":false,"_monsterinsights_sitenote_note":"","_monsterinsights_sitenote_category":0,"_jetpack_memberships_contains_paid_content":false,"footnotes":""},"categories":[177],"tags":[],"class_list":["post-13746","post","type-post","status-publish","format-standard","has-post-thumbnail","hentry","category-politica"],"jetpack_featured_media_url":"https:\/\/opinionvertical.com\/wp-content\/uploads\/2026\/04\/victor-fadul-ve-al-pld-crecer-ante-la-frustracion-social-por-la-inflacion.jpg","jetpack_sharing_enabled":true,"_links":{"self":[{"href":"https:\/\/opinionvertical.com\/index.php?rest_route=\/wp\/v2\/posts\/13746","targetHints":{"allow":["GET"]}}],"collection":[{"href":"https:\/\/opinionvertical.com\/index.php?rest_route=\/wp\/v2\/posts"}],"about":[{"href":"https:\/\/opinionvertical.com\/index.php?rest_route=\/wp\/v2\/types\/post"}],"author":[{"embeddable":true,"href":"https:\/\/opinionvertical.com\/index.php?rest_route=\/wp\/v2\/users\/1"}],"replies":[{"embeddable":true,"href":"https:\/\/opinionvertical.com\/index.php?rest_route=%2Fwp%2Fv2%2Fcomments&post=13746"}],"version-history":[{"count":0,"href":"https:\/\/opinionvertical.com\/index.php?rest_route=\/wp\/v2\/posts\/13746\/revisions"}],"wp:featuredmedia":[{"embeddable":true,"href":"https:\/\/opinionvertical.com\/index.php?rest_route=\/wp\/v2\/media\/13747"}],"wp:attachment":[{"href":"https:\/\/opinionvertical.com\/index.php?rest_route=%2Fwp%2Fv2%2Fmedia&parent=13746"}],"wp:term":[{"taxonomy":"category","embeddable":true,"href":"https:\/\/opinionvertical.com\/index.php?rest_route=%2Fwp%2Fv2%2Fcategories&post=13746"},{"taxonomy":"post_tag","embeddable":true,"href":"https:\/\/opinionvertical.com\/index.php?rest_route=%2Fwp%2Fv2%2Ftags&post=13746"}],"curies":[{"name":"wp","href":"https:\/\/api.w.org\/{rel}","templated":true}]}}