{"id":13760,"date":"2026-04-29T23:10:56","date_gmt":"2026-04-29T23:10:56","guid":{"rendered":"https:\/\/7dias.com.do\/?p=532045"},"modified":"2026-04-29T23:10:56","modified_gmt":"2026-04-29T23:10:56","slug":"leonel-fernandez-promete-revolucionar-la-produccion-nacional-para-2028","status":"publish","type":"post","link":"https:\/\/opinionvertical.com\/?p=13760","title":{"rendered":"Leonel Fern\u00e1ndez promete revolucionar la producci\u00f3n nacional para 2028"},"content":{"rendered":"<div><img decoding=\"async\" src=\"https:\/\/7dias.com.do\/wp-content\/uploads\/2026\/04\/Leonel-habla-en-actividad-con-el-sector-agropecuario.jpeg\" class=\"ff-og-image-inserted\"><\/div>\n<p>Santo Domingo, RD.- El presidente del partido Fuerza del Pueblo (FP) y expresidente de la Rep\u00fablica, Leonel Fern\u00e1ndez, sostuvo este mi\u00e9rcoles un encuentro con dirigentes del sector agropecuario de esa organizaci\u00f3n. Durante la reuni\u00f3n, recibi\u00f3 un informe detallado sobre la situaci\u00f3n actual del campo dominicano y plante\u00f3 la necesidad de una transformaci\u00f3n profunda en los m\u00e9todos de producci\u00f3n nacional con miras al a\u00f1o 2028.<\/p>\n<p>La reuni\u00f3n se llev\u00f3 a cabo en la Casa del Pueblo Johnny Ventura, donde representantes de distintas provincias expusieron las principales problem\u00e1ticas que afectan al sector agropecuario, incluyendo limitaciones en la asistencia t\u00e9cnica, falta de inversi\u00f3n en infraestructura rural y debilidades en los programas de apoyo estatal.<\/p>\n<p>Durante su intervenci\u00f3n, Fern\u00e1ndez cuestion\u00f3 pr\u00e1cticas que, a su juicio, han debilitado la institucionalidad del Estado en \u00e1reas clave como la agropecuaria. \u201cObservamos situaciones elementales que ocurren por razones pol\u00edticas: cuando llega el gobierno actual, se despide a personas que tienen el conocimiento, la experiencia y el compromiso. \u00bfQu\u00e9 sucede? Se reduce la capacidad del Estado para proveer servicios de calidad, porque aquellos que saben, los profesionales que han estado ah\u00ed todo el tiempo, deben ser reemplazados por compa\u00f1eros del partido que no tienen conocimiento en el \u00e1rea\u201d, expres\u00f3.<\/p>\n<p>El l\u00edder de la Fuerza del Pueblo insisti\u00f3 en que la capacidad t\u00e9cnica debe ser un criterio fundamental en la gesti\u00f3n p\u00fablica, especialmente en el sector productivo. En ese sentido, advirti\u00f3 sobre las consecuencias de debilitar los programas de extensi\u00f3n agr\u00edcola. \u201cHay que valorar la capacidad y la experiencia de nuestros profesionales en cada \u00e1mbito, especialmente en el agr\u00edcola. \u00bfC\u00f3mo se puede tener un programa de extensi\u00f3n cuando no hay personas que lo lleven a cabo?\u201d, plante\u00f3.<\/p>\n<p>Fern\u00e1ndez afirm\u00f3 que, tras escuchar a los dirigentes y observar la realidad del interior del pa\u00eds, ha llegado a la conclusi\u00f3n de que el sector agropecuario requiere una transformaci\u00f3n estructural. \u201cPienso que, por lo que he escuchado de ustedes y por mis viajes por el interior, si hay algo que merece una revoluci\u00f3n en la Rep\u00fablica Dominicana, es el sector agropecuario\u201d, sostuvo.<\/p>\n<p>Explic\u00f3 que el crecimiento econ\u00f3mico debe sustentarse en la producci\u00f3n nacional. \u201cEl producto interno bruto se medir\u00e1 en funci\u00f3n de los bienes y servicios que se producen a nivel nacional. Lo dem\u00e1s se a\u00f1ade, pero lo nuestro tiene que ser eso, y resulta que es la parte m\u00e1s d\u00e9bil de la econom\u00eda dominicana. Por tanto, en la Fuerza del Pueblo entendemos la necesidad de apoyar al sector productivo, que es lo que generar\u00e1 riqueza para nuestro pa\u00eds\u201d, indic\u00f3.<\/p>\n<p>En ese contexto, Fern\u00e1ndez adelant\u00f3 que en la pr\u00f3xima gesti\u00f3n de gobierno bajo su liderazgo, la innovaci\u00f3n ser\u00e1 el eje central. \u201cComprendemos que el rasgo distintivo de nuestra pr\u00f3xima gesti\u00f3n de gobierno ser\u00e1 el tema relacionado con la innovaci\u00f3n. Lo que tendr\u00e1 impacto, con miras al futuro, es c\u00f3mo podemos innovar\u201d, afirm\u00f3.<\/p>\n<p>El expresidente tambi\u00e9n abord\u00f3 el problema hist\u00f3rico de los caminos vecinales, se\u00f1alando que las soluciones tradicionales han sido insuficientes. \u201cLlevo d\u00e9cadas escuchando sobre el tema de los caminos vecinales. Hemos arreglado much\u00edsimos de ellos, pero el problema persiste. Creo que ahora debemos abordarlo de otra manera\u201d, expres\u00f3.<\/p>\n<p>En su opini\u00f3n, el pa\u00eds necesita abandonar los m\u00e9todos convencionales y adoptar enfoques m\u00e1s modernos y eficientes. \u201cDebemos presentar un programa de gobierno que no sea convencional ni tradicional, sino que responda a las circunstancias actuales, las cuales requieren una transformaci\u00f3n profunda y radical. No podemos continuar como hasta ahora. Reconozco que el pa\u00eds ha avanzado, pero el m\u00e9todo que utilizamos se ha agotado y es ese m\u00e9todo el que debemos cambiar\u201d, puntualiz\u00f3.<\/p>\n<p>Fern\u00e1ndez vincul\u00f3 directamente la mejora de la productividad con el uso de tecnolog\u00eda y la capacitaci\u00f3n. \u201c\u00bfC\u00f3mo mejoramos entonces la productividad? Eso implica aumentar el volumen de producci\u00f3n y reducir costos. \u00bfY qu\u00e9 es eso? Tecnolog\u00eda. Por lo tanto, el gobierno debe intervenir directamente, proporcionando las facilidades para que se puedan adquirir los equipos necesarios para incrementar la productividad. Adem\u00e1s, es necesaria la capacitaci\u00f3n para que esas tecnolog\u00edas puedan ser utilizadas\u201d, explic\u00f3.<\/p>\n<p>En esa misma l\u00ednea, destac\u00f3 avances internacionales que, seg\u00fan mencion\u00f3, deben ser evaluados para su implementaci\u00f3n en el pa\u00eds. \u201cHoy en d\u00eda, se pueden ver drones utilizados en cualquier lugar para supervisar la producci\u00f3n. He observado incluso en el extranjero que se emplean numerosos drones, y casi ya no se utilizan avionetas para fumigar. Tambi\u00e9n he visto la producci\u00f3n agr\u00edcola vertical, la agricultura de precisi\u00f3n y edificios que producen alimentos. Por lo tanto, hay una transformaci\u00f3n en las formas de producci\u00f3n que debemos estudiar y analizar c\u00f3mo aplicarlas en la Rep\u00fablica Dominicana\u201d, se\u00f1al\u00f3.<\/p>\n<p>El encuentro concluy\u00f3 con el compromiso de continuar profundizando el di\u00e1logo con los distintos actores del sector agropecuario, con el objetivo de construir una propuesta de gobierno enfocada en modernizar la producci\u00f3n, fortalecer la capacidad t\u00e9cnica del Estado y garantizar una mayor competitividad para el campo dominicano.<\/p>\n","protected":false},"excerpt":{"rendered":"<p>Santo Domingo, RD.- El presidente del partido Fuerza del Pueblo (FP) y expresidente de la Rep\u00fablica, Leonel Fern\u00e1ndez, sostuvo este mi\u00e9rcoles un encuentro con dirigentes del sector agropecuario de esa organizaci\u00f3n. Durante la reuni\u00f3n, recibi\u00f3 un informe detallado sobre la situaci\u00f3n actual del campo dominicano y plante\u00f3 la necesidad de una transformaci\u00f3n profunda en los [&hellip;]<\/p>\n","protected":false},"author":1,"featured_media":13761,"comment_status":"closed","ping_status":"closed","sticky":false,"template":"","format":"standard","meta":{"_monsterinsights_skip_tracking":false,"_monsterinsights_sitenote_active":false,"_monsterinsights_sitenote_note":"","_monsterinsights_sitenote_category":0,"_jetpack_memberships_contains_paid_content":false,"footnotes":""},"categories":[177],"tags":[],"class_list":["post-13760","post","type-post","status-publish","format-standard","has-post-thumbnail","hentry","category-politica"],"jetpack_featured_media_url":"https:\/\/opinionvertical.com\/wp-content\/uploads\/2026\/04\/leonel-fernandez-promete-revolucionar-la-produccion-nacional-para-2028.jpg","jetpack_sharing_enabled":true,"_links":{"self":[{"href":"https:\/\/opinionvertical.com\/index.php?rest_route=\/wp\/v2\/posts\/13760","targetHints":{"allow":["GET"]}}],"collection":[{"href":"https:\/\/opinionvertical.com\/index.php?rest_route=\/wp\/v2\/posts"}],"about":[{"href":"https:\/\/opinionvertical.com\/index.php?rest_route=\/wp\/v2\/types\/post"}],"author":[{"embeddable":true,"href":"https:\/\/opinionvertical.com\/index.php?rest_route=\/wp\/v2\/users\/1"}],"replies":[{"embeddable":true,"href":"https:\/\/opinionvertical.com\/index.php?rest_route=%2Fwp%2Fv2%2Fcomments&post=13760"}],"version-history":[{"count":0,"href":"https:\/\/opinionvertical.com\/index.php?rest_route=\/wp\/v2\/posts\/13760\/revisions"}],"wp:featuredmedia":[{"embeddable":true,"href":"https:\/\/opinionvertical.com\/index.php?rest_route=\/wp\/v2\/media\/13761"}],"wp:attachment":[{"href":"https:\/\/opinionvertical.com\/index.php?rest_route=%2Fwp%2Fv2%2Fmedia&parent=13760"}],"wp:term":[{"taxonomy":"category","embeddable":true,"href":"https:\/\/opinionvertical.com\/index.php?rest_route=%2Fwp%2Fv2%2Fcategories&post=13760"},{"taxonomy":"post_tag","embeddable":true,"href":"https:\/\/opinionvertical.com\/index.php?rest_route=%2Fwp%2Fv2%2Ftags&post=13760"}],"curies":[{"name":"wp","href":"https:\/\/api.w.org\/{rel}","templated":true}]}}