{"id":21477,"date":"2026-04-30T13:24:37","date_gmt":"2026-04-30T13:24:37","guid":{"rendered":"https:\/\/7dias.com.do\/?p=532166"},"modified":"2026-04-30T13:24:37","modified_gmt":"2026-04-30T13:24:37","slug":"ceremonia-de-bendicion-en-residencia-de-embajadora-de-ee-uu-refuerza-lazos-culturales-y-diplomaticos","status":"publish","type":"post","link":"https:\/\/opinionvertical.com\/?p=21477","title":{"rendered":"Ceremonia de bendici\u00f3n en residencia de embajadora de EE. UU. refuerza lazos culturales y diplom\u00e1ticos"},"content":{"rendered":"<p>Santo Domingo.\u2013 El d\u00eda de ayer se llev\u00f3 a cabo una emotiva ceremonia de bendici\u00f3n en la residencia de la embajadora de Estados Unidos en Rep\u00fablica Dominicana, Leah F. El acto fue oficiado por el padre David Soriano, p\u00e1rroco de la catedral, y cont\u00f3 con la presencia de miembros de la misi\u00f3n diplom\u00e1tica e invitados especiales.<\/p>\n<figure class=\"wp-block-image size-large is-resized\"><img alt=\"Ceremonia embajadora EE.UU. Rep\u00fablica Dominicana\" fetchpriority=\"high\" decoding=\"async\" width=\"650\" height=\"400\" src=\"https:\/\/7dias.com.do\/wp-content\/uploads\/2026\/04\/HHHkZPzXQAEFo-q-650x400.jpg\" class=\"wp-image-532177\"><\/figure>\n<p>Este significativo momento marc\u00f3 la consagraci\u00f3n de su gesti\u00f3n en el pa\u00eds y su labor al servicio de ambas naciones, fortaleciendo as\u00ed los lazos diplom\u00e1ticos y culturales entre Estados Unidos y Rep\u00fablica Dominicana.<\/p>\n<p>Durante el acto, se destac\u00f3 la importancia de este tipo de encuentros para reafirmar los valores compartidos y fomentar una cooperaci\u00f3n m\u00e1s estrecha.<\/p>\n<p>Asimismo, se present\u00f3 la colecci\u00f3n \u201cArte en Embajadas\u201d, del programa Art in Embassies (@ArtInEmbassies), una iniciativa del Departamento de Estado de los Estados Unidos que resalta el poder del arte como puente cultural y s\u00edmbolo de colaboraci\u00f3n. El programa busca promover el entendimiento mutuo a trav\u00e9s de expresiones art\u00edsticas que reflejan la diversidad y riqueza cultural de ambas naciones.<\/p>\n","protected":false},"excerpt":{"rendered":"<p>Santo Domingo.\u2013 El d\u00eda de ayer se llev\u00f3 a cabo una emotiva ceremonia de bendici\u00f3n en la residencia de la embajadora de Estados Unidos en Rep\u00fablica Dominicana, Leah F. El acto fue oficiado por el padre David Soriano, p\u00e1rroco de la catedral, y cont\u00f3 con la presencia de miembros de la misi\u00f3n diplom\u00e1tica e invitados [&hellip;]<\/p>\n","protected":false},"author":1,"featured_media":21478,"comment_status":"closed","ping_status":"closed","sticky":false,"template":"","format":"standard","meta":{"_monsterinsights_skip_tracking":false,"_monsterinsights_sitenote_active":false,"_monsterinsights_sitenote_note":"","_monsterinsights_sitenote_category":0,"_jetpack_memberships_contains_paid_content":false,"footnotes":""},"categories":[175],"tags":[],"class_list":["post-21477","post","type-post","status-publish","format-standard","has-post-thumbnail","hentry","category-nacionales"],"jetpack_featured_media_url":"https:\/\/opinionvertical.com\/wp-content\/uploads\/2026\/04\/ceremonia-de-bendicion-en-residencia-de-embajadora-de-ee-uu-refuerza-lazos-culturales-y-diplomaticos.jpg","jetpack_sharing_enabled":true,"_links":{"self":[{"href":"https:\/\/opinionvertical.com\/index.php?rest_route=\/wp\/v2\/posts\/21477","targetHints":{"allow":["GET"]}}],"collection":[{"href":"https:\/\/opinionvertical.com\/index.php?rest_route=\/wp\/v2\/posts"}],"about":[{"href":"https:\/\/opinionvertical.com\/index.php?rest_route=\/wp\/v2\/types\/post"}],"author":[{"embeddable":true,"href":"https:\/\/opinionvertical.com\/index.php?rest_route=\/wp\/v2\/users\/1"}],"replies":[{"embeddable":true,"href":"https:\/\/opinionvertical.com\/index.php?rest_route=%2Fwp%2Fv2%2Fcomments&post=21477"}],"version-history":[{"count":0,"href":"https:\/\/opinionvertical.com\/index.php?rest_route=\/wp\/v2\/posts\/21477\/revisions"}],"wp:featuredmedia":[{"embeddable":true,"href":"https:\/\/opinionvertical.com\/index.php?rest_route=\/wp\/v2\/media\/21478"}],"wp:attachment":[{"href":"https:\/\/opinionvertical.com\/index.php?rest_route=%2Fwp%2Fv2%2Fmedia&parent=21477"}],"wp:term":[{"taxonomy":"category","embeddable":true,"href":"https:\/\/opinionvertical.com\/index.php?rest_route=%2Fwp%2Fv2%2Fcategories&post=21477"},{"taxonomy":"post_tag","embeddable":true,"href":"https:\/\/opinionvertical.com\/index.php?rest_route=%2Fwp%2Fv2%2Ftags&post=21477"}],"curies":[{"name":"wp","href":"https:\/\/api.w.org\/{rel}","templated":true}]}}