{"id":21479,"date":"2026-04-30T13:24:39","date_gmt":"2026-04-30T13:24:39","guid":{"rendered":"https:\/\/7dias.com.do\/?p=532183"},"modified":"2026-04-30T13:24:39","modified_gmt":"2026-04-30T13:24:39","slug":"ministra-de-interior-y-director-de-la-pn-destacan-en-encuentro-con-delegacion-espanola-por-la-reforma-policial","status":"publish","type":"post","link":"https:\/\/opinionvertical.com\/?p=21479","title":{"rendered":"Ministra de Interior y director de la PN destacan en encuentro con delegaci\u00f3n espa\u00f1ola por la reforma policial"},"content":{"rendered":"<div><img decoding=\"async\" src=\"https:\/\/7dias.com.do\/wp-content\/uploads\/2026\/04\/WhatsApp-Image-2026-04-30-at-8.48.46-AM-scaled.jpeg\" class=\"ff-og-image-inserted\"><\/div>\n<p>Santo Domingo, RD.- La ministra de Interior y Polic\u00eda, Faride Raful, junto con el director general de la Polic\u00eda Nacional, mayor general Andr\u00e9s Modesto Cruz Cruz, encabezaron este mi\u00e9rcoles la recepci\u00f3n de una delegaci\u00f3n oficial del Ministerio del Interior de Espa\u00f1a en el Palacio de la Polic\u00eda Nacional, donde presentaron los avances del proceso de reforma y transformaci\u00f3n policial en la Rep\u00fablica Dominicana.<\/p>\n<p>Durante el encuentro, las autoridades dominicanas explicaron el funcionamiento de las reuniones estrat\u00e9gicas de seguridad que cada lunes encabeza el presidente Luis Abinader, en las cuales la Fuerza de Tarea Conjunta coordina acciones para fortalecer la seguridad ciudadana y reducir la criminalidad en el pa\u00eds.<\/p>\n<p>La delegaci\u00f3n espa\u00f1ola fue encabezada por el ministro del Interior, Fernando Grande-Marlaska G\u00f3mez, acompa\u00f1ado por la embajadora de Espa\u00f1a en el pa\u00eds, Lorea Arribalzaga Ceballos; la directora general de Relaciones Internacionales y Extranjer\u00eda, Elena Garz\u00f3n Otamendi; y la directora de Comunicaci\u00f3n del Ministerio, Nieves Goicoechea Gonz\u00e1lez. Tambi\u00e9n formaron parte de la comitiva el director de Gabinete, Lorenzo Mart\u00ednez Ruiz, y el jefe de Protocolo, \u00cd\u00f1igo Moral Molina.<\/p>\n<p>En representaci\u00f3n de la Polic\u00eda Nacional, acompa\u00f1aron al director general el subdirector, General Esteban Figuereo Garc\u00eda; el director central de Investigaci\u00f3n (DICRIM), General Pedro Ignacio Matos P\u00e9rez; el director de Tecnolog\u00eda de la Informaci\u00f3n, Comunicaciones y Ciberseguridad, General Juan Gabriel Gautreaux Mart\u00ednez; la directora especializada en Atenci\u00f3n a la Mujer y Violencia Intrafamiliar (DEAMVI), General Celeste Yanet Jim\u00e9nez Cabral; as\u00ed como el director central de Planificaci\u00f3n y Desarrollo, Coronel Miguel Alberto Balbuena \u00c1lvarez.<\/p>\n<p>Durante la actividad, el ministro espa\u00f1ol destac\u00f3 los resultados alcanzados por el pa\u00eds en materia de seguridad, subrayando la reducci\u00f3n en los \u00edndices de homicidios. Por su parte, el general Matos agradeci\u00f3 el respaldo y la cooperaci\u00f3n del Gobierno de Espa\u00f1a, que han contribuido al fortalecimiento institucional de la Polic\u00eda Nacional a trav\u00e9s de diversos programas de apoyo.<\/p>\n","protected":false},"excerpt":{"rendered":"<p>Santo Domingo, RD.- La ministra de Interior y Polic\u00eda, Faride Raful, junto con el director general de la Polic\u00eda Nacional, mayor general Andr\u00e9s Modesto Cruz Cruz, encabezaron este mi\u00e9rcoles la recepci\u00f3n de una delegaci\u00f3n oficial del Ministerio del Interior de Espa\u00f1a en el Palacio de la Polic\u00eda Nacional, donde presentaron los avances del proceso de [&hellip;]<\/p>\n","protected":false},"author":1,"featured_media":21480,"comment_status":"closed","ping_status":"closed","sticky":false,"template":"","format":"standard","meta":{"_monsterinsights_skip_tracking":false,"_monsterinsights_sitenote_active":false,"_monsterinsights_sitenote_note":"","_monsterinsights_sitenote_category":0,"_jetpack_memberships_contains_paid_content":false,"footnotes":""},"categories":[175],"tags":[],"class_list":["post-21479","post","type-post","status-publish","format-standard","has-post-thumbnail","hentry","category-nacionales"],"jetpack_featured_media_url":"https:\/\/opinionvertical.com\/wp-content\/uploads\/2026\/04\/ministra-de-interior-y-director-de-la-pn-destacan-en-encuentro-con-delegacion-espanola-por-la-reforma-policial.jpg","jetpack_sharing_enabled":true,"_links":{"self":[{"href":"https:\/\/opinionvertical.com\/index.php?rest_route=\/wp\/v2\/posts\/21479","targetHints":{"allow":["GET"]}}],"collection":[{"href":"https:\/\/opinionvertical.com\/index.php?rest_route=\/wp\/v2\/posts"}],"about":[{"href":"https:\/\/opinionvertical.com\/index.php?rest_route=\/wp\/v2\/types\/post"}],"author":[{"embeddable":true,"href":"https:\/\/opinionvertical.com\/index.php?rest_route=\/wp\/v2\/users\/1"}],"replies":[{"embeddable":true,"href":"https:\/\/opinionvertical.com\/index.php?rest_route=%2Fwp%2Fv2%2Fcomments&post=21479"}],"version-history":[{"count":0,"href":"https:\/\/opinionvertical.com\/index.php?rest_route=\/wp\/v2\/posts\/21479\/revisions"}],"wp:featuredmedia":[{"embeddable":true,"href":"https:\/\/opinionvertical.com\/index.php?rest_route=\/wp\/v2\/media\/21480"}],"wp:attachment":[{"href":"https:\/\/opinionvertical.com\/index.php?rest_route=%2Fwp%2Fv2%2Fmedia&parent=21479"}],"wp:term":[{"taxonomy":"category","embeddable":true,"href":"https:\/\/opinionvertical.com\/index.php?rest_route=%2Fwp%2Fv2%2Fcategories&post=21479"},{"taxonomy":"post_tag","embeddable":true,"href":"https:\/\/opinionvertical.com\/index.php?rest_route=%2Fwp%2Fv2%2Ftags&post=21479"}],"curies":[{"name":"wp","href":"https:\/\/api.w.org\/{rel}","templated":true}]}}