{"id":21485,"date":"2026-04-30T14:29:06","date_gmt":"2026-04-30T14:29:06","guid":{"rendered":"https:\/\/7dias.com.do\/?p=532225"},"modified":"2026-04-30T14:29:06","modified_gmt":"2026-04-30T14:29:06","slug":"familiares-de-ada-ledesma-esperan-cambio-de-medida-de-coercion-en-caso-senasa","status":"publish","type":"post","link":"https:\/\/opinionvertical.com\/?p=21485","title":{"rendered":"Familiares de Ada Ledesma esperan cambio de medida de coerci\u00f3n en caso Senasa"},"content":{"rendered":"<div><img decoding=\"async\" src=\"https:\/\/7dias.com.do\/wp-content\/uploads\/2026\/04\/ana-ledesma-e1777559015651.jpeg\" class=\"ff-og-image-inserted\"><\/div>\n<p>Santo Domingo.-Familiares de Ada Ledesma, acusada por el Ministerio P\u00fablico de formar parte de una presunta red que habr\u00eda estafado al Estado dominicano a trav\u00e9s del Seguro Nacional de Salud, manifestaron su esperanza de que le sea variada la medida de coerci\u00f3n de prisi\u00f3n preventiva por una menos gravosa.<\/p>\n<p>La solicitud se produce en medio del proceso judicial que involucra a varios imputados se\u00f1alados en el caso.<\/p>\n<p>Al acudir al Palacio de Justicia del Distrito Nacional, donde el S\u00e9ptimo Juzgado de Instrucci\u00f3n decidir\u00e1 si mantiene o no en prisi\u00f3n al grupo encabezado por Santiago Hazim, Elizabeth Ledesma defendi\u00f3 la integridad de su hermana. La describi\u00f3 como una mujer honrada, de valores firmes, y asegur\u00f3 que su vinculaci\u00f3n al caso responde \u00fanicamente a relaciones de amistad con otros implicados.<\/p>\n<p>De acuerdo con el expediente acusatorio, durante las investigaciones se detectaron operaciones financieras consideradas sospechosas entre las empresas Flavorheart Food Parts, S.R.L. y Lufarca S.R.L., esta \u00faltima vinculada a Ada Ledesma Ubiera. La imputada ha reconocido p\u00fablicamente su relaci\u00f3n de amistad con Germ\u00e1n Rafael Robles Qui\u00f1ones y su hija, Noelia Jos\u00e9 Ledesma, tambi\u00e9n se\u00f1alados en el proceso.<\/p>\n<figure class=\"wp-block-video\"><video controls src=\"https:\/\/7dias.com.do\/wp-content\/uploads\/2026\/04\/WhatsApp-Video-2026-04-30-at-9.39.20-AM-1.mp4\"><\/video><\/figure>\n<p>El Ministerio P\u00fablico sostiene adem\u00e1s que, en su rol de suplidora y prestadora de servicios, Ada Ledesma habr\u00eda sido utilizada como intermediaria para gestionar cobros de sobornos y pagos millonarios dentro de la supuesta red.<\/p>\n","protected":false},"excerpt":{"rendered":"<p>Santo Domingo.-Familiares de Ada Ledesma, acusada por el Ministerio P\u00fablico de formar parte de una presunta red que habr\u00eda estafado al Estado dominicano a trav\u00e9s del Seguro Nacional de Salud, manifestaron su esperanza de que le sea variada la medida de coerci\u00f3n de prisi\u00f3n preventiva por una menos gravosa. La solicitud se produce en medio [&hellip;]<\/p>\n","protected":false},"author":1,"featured_media":21486,"comment_status":"closed","ping_status":"closed","sticky":false,"template":"","format":"standard","meta":{"_monsterinsights_skip_tracking":false,"_monsterinsights_sitenote_active":false,"_monsterinsights_sitenote_note":"","_monsterinsights_sitenote_category":0,"_jetpack_memberships_contains_paid_content":false,"footnotes":""},"categories":[175],"tags":[],"class_list":["post-21485","post","type-post","status-publish","format-standard","has-post-thumbnail","hentry","category-nacionales"],"jetpack_featured_media_url":"https:\/\/opinionvertical.com\/wp-content\/uploads\/2026\/04\/familiares-de-ada-ledesma-esperan-cambio-de-medida-de-coercion-en-caso-senasa.jpg","jetpack_sharing_enabled":true,"_links":{"self":[{"href":"https:\/\/opinionvertical.com\/index.php?rest_route=\/wp\/v2\/posts\/21485","targetHints":{"allow":["GET"]}}],"collection":[{"href":"https:\/\/opinionvertical.com\/index.php?rest_route=\/wp\/v2\/posts"}],"about":[{"href":"https:\/\/opinionvertical.com\/index.php?rest_route=\/wp\/v2\/types\/post"}],"author":[{"embeddable":true,"href":"https:\/\/opinionvertical.com\/index.php?rest_route=\/wp\/v2\/users\/1"}],"replies":[{"embeddable":true,"href":"https:\/\/opinionvertical.com\/index.php?rest_route=%2Fwp%2Fv2%2Fcomments&post=21485"}],"version-history":[{"count":0,"href":"https:\/\/opinionvertical.com\/index.php?rest_route=\/wp\/v2\/posts\/21485\/revisions"}],"wp:featuredmedia":[{"embeddable":true,"href":"https:\/\/opinionvertical.com\/index.php?rest_route=\/wp\/v2\/media\/21486"}],"wp:attachment":[{"href":"https:\/\/opinionvertical.com\/index.php?rest_route=%2Fwp%2Fv2%2Fmedia&parent=21485"}],"wp:term":[{"taxonomy":"category","embeddable":true,"href":"https:\/\/opinionvertical.com\/index.php?rest_route=%2Fwp%2Fv2%2Fcategories&post=21485"},{"taxonomy":"post_tag","embeddable":true,"href":"https:\/\/opinionvertical.com\/index.php?rest_route=%2Fwp%2Fv2%2Ftags&post=21485"}],"curies":[{"name":"wp","href":"https:\/\/api.w.org\/{rel}","templated":true}]}}