{"id":21487,"date":"2026-04-30T14:29:08","date_gmt":"2026-04-30T14:29:08","guid":{"rendered":"https:\/\/7dias.com.do\/?p=532206"},"modified":"2026-04-30T14:29:08","modified_gmt":"2026-04-30T14:29:08","slug":"inicia-revision-de-medidas-de-coercion-contra-santiago-hazim-y-otros-seis-implicados-en-caso-senasa","status":"publish","type":"post","link":"https:\/\/opinionvertical.com\/?p=21487","title":{"rendered":"Inicia revisi\u00f3n de medidas de coerci\u00f3n contra Santiago Hazim y otros seis implicados en caso Senasa"},"content":{"rendered":"<div><img decoding=\"async\" src=\"https:\/\/7dias.com.do\/wp-content\/uploads\/2025\/12\/Santiago-Hazim.jpg\" class=\"ff-og-image-inserted\"><\/div>\n<p>Santo Domingo,.- El proceso judicial contra el exdirector del Seguro Nacional de Salud (SeNaSa), Santiago Hazim, y otros imputados entra en una nueva fase con el inicio de la revisi\u00f3n obligatoria de las medidas de coerci\u00f3n dictadas en su contra.<\/p>\n<p>La audiencia incluye tambi\u00e9n a<strong> Rafael Luis Mart\u00ednez Hazim<\/strong>, G<strong>ustavo Enrique Messina Cruz, Germ\u00e1n Rafael Robles Qui\u00f1ones, Francisco Iv\u00e1n Minaya P\u00e9rez, Ram\u00f3n Alan Speakler Mateo y Ada Ledesma Ubiera, <\/strong>quienes guardan prisi\u00f3n preventiva por su presunta vinculaci\u00f3n en un entramado de corrupci\u00f3n administrativa.<\/p>\n<p>De acuerdo con informaciones judiciales, a los implicados se les impuso previamente una medida de 18 meses de prisi\u00f3n preventiva tras ser acusados de delitos como asociaci\u00f3n de malhechores, estafa contra el Estado, desfalco, sobornos y lavado de activos.<\/p>\n<p>Las autoridades sostienen que el caso involucra irregularidades en el manejo de recursos del sistema de salud estatal, lo que motiv\u00f3 que el tribunal considerara la gravedad de los hechos y el riesgo de fuga al momento de imponer la coerci\u00f3n<\/p>\n<p>La revisi\u00f3n de estas medidas forma parte del procedimiento legal que busca determinar si se mantienen, var\u00edan o se levantan las restricciones impuestas a los acusados.<\/p>\n<figure class=\"wp-block-video\"><video controls src=\"https:\/\/7dias.com.do\/wp-content\/uploads\/2026\/04\/WhatsApp-Video-2026-04-30-at-9.34.50-AM.mp4\"><\/video><\/figure>\n","protected":false},"excerpt":{"rendered":"<p>Santo Domingo,.- El proceso judicial contra el exdirector del Seguro Nacional de Salud (SeNaSa), Santiago Hazim, y otros imputados entra en una nueva fase con el inicio de la revisi\u00f3n obligatoria de las medidas de coerci\u00f3n dictadas en su contra. La audiencia incluye tambi\u00e9n a Rafael Luis Mart\u00ednez Hazim, Gustavo Enrique Messina Cruz, Germ\u00e1n Rafael [&hellip;]<\/p>\n","protected":false},"author":1,"featured_media":21488,"comment_status":"closed","ping_status":"closed","sticky":false,"template":"","format":"standard","meta":{"_monsterinsights_skip_tracking":false,"_monsterinsights_sitenote_active":false,"_monsterinsights_sitenote_note":"","_monsterinsights_sitenote_category":0,"_jetpack_memberships_contains_paid_content":false,"footnotes":""},"categories":[175],"tags":[],"class_list":["post-21487","post","type-post","status-publish","format-standard","has-post-thumbnail","hentry","category-nacionales"],"jetpack_featured_media_url":"https:\/\/opinionvertical.com\/wp-content\/uploads\/2026\/04\/inicia-revision-de-medidas-de-coercion-contra-santiago-hazim-y-otros-seis-implicados-en-caso-senasa.jpg","jetpack_sharing_enabled":true,"_links":{"self":[{"href":"https:\/\/opinionvertical.com\/index.php?rest_route=\/wp\/v2\/posts\/21487","targetHints":{"allow":["GET"]}}],"collection":[{"href":"https:\/\/opinionvertical.com\/index.php?rest_route=\/wp\/v2\/posts"}],"about":[{"href":"https:\/\/opinionvertical.com\/index.php?rest_route=\/wp\/v2\/types\/post"}],"author":[{"embeddable":true,"href":"https:\/\/opinionvertical.com\/index.php?rest_route=\/wp\/v2\/users\/1"}],"replies":[{"embeddable":true,"href":"https:\/\/opinionvertical.com\/index.php?rest_route=%2Fwp%2Fv2%2Fcomments&post=21487"}],"version-history":[{"count":0,"href":"https:\/\/opinionvertical.com\/index.php?rest_route=\/wp\/v2\/posts\/21487\/revisions"}],"wp:featuredmedia":[{"embeddable":true,"href":"https:\/\/opinionvertical.com\/index.php?rest_route=\/wp\/v2\/media\/21488"}],"wp:attachment":[{"href":"https:\/\/opinionvertical.com\/index.php?rest_route=%2Fwp%2Fv2%2Fmedia&parent=21487"}],"wp:term":[{"taxonomy":"category","embeddable":true,"href":"https:\/\/opinionvertical.com\/index.php?rest_route=%2Fwp%2Fv2%2Fcategories&post=21487"},{"taxonomy":"post_tag","embeddable":true,"href":"https:\/\/opinionvertical.com\/index.php?rest_route=%2Fwp%2Fv2%2Ftags&post=21487"}],"curies":[{"name":"wp","href":"https:\/\/api.w.org\/{rel}","templated":true}]}}