{"id":21498,"date":"2026-04-30T15:41:13","date_gmt":"2026-04-30T15:41:13","guid":{"rendered":"https:\/\/7dias.com.do\/?p=532276"},"modified":"2026-04-30T15:41:13","modified_gmt":"2026-04-30T15:41:13","slug":"digesett-lleva-ante-la-justicia-a-conductor-de-camion-por-desobediencia-y-colision-de-unidad-oficial","status":"publish","type":"post","link":"https:\/\/opinionvertical.com\/?p=21498","title":{"rendered":"Digesett lleva ante la justicia a conductor de cami\u00f3n por desobediencia y colisi\u00f3n de unidad oficial"},"content":{"rendered":"<div><img decoding=\"async\" src=\"https:\/\/7dias.com.do\/wp-content\/uploads\/2025\/01\/Fachada-DIGESETT.jpg\" class=\"ff-og-image-inserted\"><\/div>\n<p>Santo Domingo, RD.- La Direcci\u00f3n General de Seguridad de Tr\u00e1nsito y Transporte Terrestre (Digesett) lleva ante la justicia a conductor de cami\u00f3n por desobediencia y colisi\u00f3n de unidad oficial) inform\u00f3 que ha puesto a disposici\u00f3n de la justicia al conductor de un cami\u00f3n que desobedeci\u00f3 reiteradas \u00f3rdenes de alto emitidas por agentes de la instituci\u00f3n, culminando su accionar con la colisi\u00f3n de una unidad oficial.<\/p>\n<p>El consultor jur\u00eddico de la entidad, Valent\u00edn Oviedo de los Santos, indic\u00f3 que el conductor incurri\u00f3 en m\u00faltiples violaciones a la Ley 63-17, incluyendo la desobediencia a las se\u00f1ales de la autoridad de tr\u00e1nsito, al no acatar los llamados de alto realizados en varias ocasiones por los agentes actuantes.<\/p>\n<p>Asimismo, Oviedo de los Santos agreg\u00f3 que este tipo de conducta en las v\u00edas representa un grave riesgo para la seguridad vial y la integridad de los ciudadanos, por lo que el conductor del cami\u00f3n fue puesto a disposici\u00f3n del Ministerio P\u00fablico para los procedimientos legales correspondientes.<\/p>\n<p>La Digesett exhorta a todos los conductores a respetar las se\u00f1ales y las disposiciones de los agentes de tr\u00e1nsito, como parte del compromiso conjunto de garantizar v\u00edas m\u00e1s seguras para todos.<\/p>\n","protected":false},"excerpt":{"rendered":"<p>Santo Domingo, RD.- La Direcci\u00f3n General de Seguridad de Tr\u00e1nsito y Transporte Terrestre (Digesett) lleva ante la justicia a conductor de cami\u00f3n por desobediencia y colisi\u00f3n de unidad oficial) inform\u00f3 que ha puesto a disposici\u00f3n de la justicia al conductor de un cami\u00f3n que desobedeci\u00f3 reiteradas \u00f3rdenes de alto emitidas por agentes de la instituci\u00f3n, [&hellip;]<\/p>\n","protected":false},"author":1,"featured_media":21499,"comment_status":"closed","ping_status":"closed","sticky":false,"template":"","format":"standard","meta":{"_monsterinsights_skip_tracking":false,"_monsterinsights_sitenote_active":false,"_monsterinsights_sitenote_note":"","_monsterinsights_sitenote_category":0,"_jetpack_memberships_contains_paid_content":false,"footnotes":""},"categories":[175],"tags":[],"class_list":["post-21498","post","type-post","status-publish","format-standard","has-post-thumbnail","hentry","category-nacionales"],"jetpack_featured_media_url":"https:\/\/opinionvertical.com\/wp-content\/uploads\/2026\/04\/digesett-lleva-ante-la-justicia-a-conductor-de-camion-por-desobediencia-y-colision-de-unidad-oficial.jpg","jetpack_sharing_enabled":true,"_links":{"self":[{"href":"https:\/\/opinionvertical.com\/index.php?rest_route=\/wp\/v2\/posts\/21498","targetHints":{"allow":["GET"]}}],"collection":[{"href":"https:\/\/opinionvertical.com\/index.php?rest_route=\/wp\/v2\/posts"}],"about":[{"href":"https:\/\/opinionvertical.com\/index.php?rest_route=\/wp\/v2\/types\/post"}],"author":[{"embeddable":true,"href":"https:\/\/opinionvertical.com\/index.php?rest_route=\/wp\/v2\/users\/1"}],"replies":[{"embeddable":true,"href":"https:\/\/opinionvertical.com\/index.php?rest_route=%2Fwp%2Fv2%2Fcomments&post=21498"}],"version-history":[{"count":0,"href":"https:\/\/opinionvertical.com\/index.php?rest_route=\/wp\/v2\/posts\/21498\/revisions"}],"wp:featuredmedia":[{"embeddable":true,"href":"https:\/\/opinionvertical.com\/index.php?rest_route=\/wp\/v2\/media\/21499"}],"wp:attachment":[{"href":"https:\/\/opinionvertical.com\/index.php?rest_route=%2Fwp%2Fv2%2Fmedia&parent=21498"}],"wp:term":[{"taxonomy":"category","embeddable":true,"href":"https:\/\/opinionvertical.com\/index.php?rest_route=%2Fwp%2Fv2%2Fcategories&post=21498"},{"taxonomy":"post_tag","embeddable":true,"href":"https:\/\/opinionvertical.com\/index.php?rest_route=%2Fwp%2Fv2%2Ftags&post=21498"}],"curies":[{"name":"wp","href":"https:\/\/api.w.org\/{rel}","templated":true}]}}