{"id":21509,"date":"2026-04-30T15:42:22","date_gmt":"2026-04-30T15:42:22","guid":{"rendered":"https:\/\/7dias.com.do\/?p=532235"},"modified":"2026-04-30T15:42:22","modified_gmt":"2026-04-30T15:42:22","slug":"administracion-trump-lanza-plan-de-libertad-maritima-para-asegurar-el-estrecho-de-ormuz","status":"publish","type":"post","link":"https:\/\/opinionvertical.com\/?p=21509","title":{"rendered":"Administraci\u00f3n Trump lanza \u00abPlan de Libertad Mar\u00edtima\u00bb para asegurar el estrecho de Ormuz"},"content":{"rendered":"<div><img decoding=\"async\" src=\"https:\/\/7dias.com.do\/wp-content\/uploads\/2026\/04\/Se-mantiene-el-conflicto-en-torno-al-estreho-de-Ormuz.jpg\" class=\"ff-og-image-inserted\"><\/div>\n<p>Washington, Estados Unidos.-. La administraci\u00f3n del presidente Donald Trump gestiona articular una coalici\u00f3n internacional para establecer el tr\u00e1nsito de buques cargados de petr\u00f3leo y de mercanc\u00edas por el estrecho de Ormuz, que se encuentra bajo el control de Ir\u00e1n.<\/p>\n<p>El peri\u00f3dico The Wall Street Journal divulga la informaci\u00f3n de que la iniciativa se denomina \u00abPlan de Libertad Mar\u00edtima\u00bb, elaborada por el Departamento de Estado.<\/p>\n<p>El medio period\u00edstico se\u00f1ala que el plan fue difundido el martes por el departamento estadounidense a los embajadores de todo el mundo.<\/p>\n<p>En el documento se especifica que la coalici\u00f3n tendr\u00e1 como objetivo&nbsp;<strong>compartir informaci\u00f3n, coordinar acciones diplom\u00e1ticas y aplicar sanciones<\/strong> en respuesta a la crisis provocada por la interrupci\u00f3n del tr\u00e1fico comercial en el estrecho, atribuida a las acciones de Ir\u00e1n.<\/p>\n<p>En el texto se a\u00f1ade que la participaci\u00f3n internacional es fundamental para recuperar la circulaci\u00f3n de buques en la v\u00eda mar\u00edtima. \u00abSu participaci\u00f3n fortalecer\u00e1 nuestra capacidad colectiva para restablecer la libertad de navegaci\u00f3n y proteger la econom\u00eda global\u00bb, se enfatiza en el documento.<\/p>\n<p>\u00abLa acci\u00f3n colectiva es esencial para demostrar una resoluci\u00f3n unificada e imponer consecuencias significativas ante la obstrucci\u00f3n iran\u00ed del tr\u00e1nsito por el estrecho\u00bb, se argumenta.<\/p>\n<p>El estrecho de Ormuz se ha convertido en el punto de conflicto en la guerra entre Estados Unidos e Israel contra el r\u00e9gimen iran\u00ed. Ir\u00e1n ha cerrado este corredor desde hace m\u00e1s de un mes, lo que ha tenido un impacto negativo en el tr\u00e1nsito del 20 por ciento del petr\u00f3leo demandado a nivel global.<\/p>\n<p>La Organizaci\u00f3n de las Naciones Unidas para la Agricultura y la Alimentaci\u00f3n prev\u00e9 una crisis en la seguridad alimentaria mundial si se prolonga la guerra entre Estados Unidos e Israel contra Ir\u00e1n.<\/p>\n","protected":false},"excerpt":{"rendered":"<p>Washington, Estados Unidos.-. La administraci\u00f3n del presidente Donald Trump gestiona articular una coalici\u00f3n internacional para establecer el tr\u00e1nsito de buques cargados de petr\u00f3leo y de mercanc\u00edas por el estrecho de Ormuz, que se encuentra bajo el control de Ir\u00e1n. El peri\u00f3dico The Wall Street Journal divulga la informaci\u00f3n de que la iniciativa se denomina \u00abPlan [&hellip;]<\/p>\n","protected":false},"author":1,"featured_media":21510,"comment_status":"closed","ping_status":"closed","sticky":false,"template":"","format":"standard","meta":{"_monsterinsights_skip_tracking":false,"_monsterinsights_sitenote_active":false,"_monsterinsights_sitenote_note":"","_monsterinsights_sitenote_category":0,"_jetpack_memberships_contains_paid_content":false,"footnotes":""},"categories":[176],"tags":[],"class_list":["post-21509","post","type-post","status-publish","format-standard","has-post-thumbnail","hentry","category-internacionales"],"jetpack_featured_media_url":"https:\/\/opinionvertical.com\/wp-content\/uploads\/2026\/04\/administracion-trump-lanza-plan-de-libertad-maritima-para-asegurar-el-estrecho-de-ormuz.jpg","jetpack_sharing_enabled":true,"_links":{"self":[{"href":"https:\/\/opinionvertical.com\/index.php?rest_route=\/wp\/v2\/posts\/21509","targetHints":{"allow":["GET"]}}],"collection":[{"href":"https:\/\/opinionvertical.com\/index.php?rest_route=\/wp\/v2\/posts"}],"about":[{"href":"https:\/\/opinionvertical.com\/index.php?rest_route=\/wp\/v2\/types\/post"}],"author":[{"embeddable":true,"href":"https:\/\/opinionvertical.com\/index.php?rest_route=\/wp\/v2\/users\/1"}],"replies":[{"embeddable":true,"href":"https:\/\/opinionvertical.com\/index.php?rest_route=%2Fwp%2Fv2%2Fcomments&post=21509"}],"version-history":[{"count":0,"href":"https:\/\/opinionvertical.com\/index.php?rest_route=\/wp\/v2\/posts\/21509\/revisions"}],"wp:featuredmedia":[{"embeddable":true,"href":"https:\/\/opinionvertical.com\/index.php?rest_route=\/wp\/v2\/media\/21510"}],"wp:attachment":[{"href":"https:\/\/opinionvertical.com\/index.php?rest_route=%2Fwp%2Fv2%2Fmedia&parent=21509"}],"wp:term":[{"taxonomy":"category","embeddable":true,"href":"https:\/\/opinionvertical.com\/index.php?rest_route=%2Fwp%2Fv2%2Fcategories&post=21509"},{"taxonomy":"post_tag","embeddable":true,"href":"https:\/\/opinionvertical.com\/index.php?rest_route=%2Fwp%2Fv2%2Ftags&post=21509"}],"curies":[{"name":"wp","href":"https:\/\/api.w.org\/{rel}","templated":true}]}}