{"id":21513,"date":"2026-04-30T16:19:03","date_gmt":"2026-04-30T16:19:03","guid":{"rendered":"https:\/\/7dias.com.do\/?p=532300"},"modified":"2026-04-30T16:19:03","modified_gmt":"2026-04-30T16:19:03","slug":"fondo-agua-y-gildan-fortalecen-la-proteccion-hidrica-con-nuevo-acuerdo","status":"publish","type":"post","link":"https:\/\/opinionvertical.com\/?p=21513","title":{"rendered":"Fondo Agua y Gildan fortalecen la protecci\u00f3n h\u00eddrica con nuevo acuerdo"},"content":{"rendered":"<div><img decoding=\"async\" src=\"https:\/\/7dias.com.do\/wp-content\/uploads\/2026\/04\/WhatsApp-Image-2026-04-30-at-12.14.36-PM.jpeg\" class=\"ff-og-image-inserted\"><\/div>\n<p>Santo Domingo, Rep. Dom.- La intervenci\u00f3n de 32 hect\u00e1reas y la siembra de m\u00e1s de 35,200 plantas marcan el alcance de la renovaci\u00f3n de un acuerdo firmado entre el Fondo Agua Santo Domingo (FASD) y Gildan Dominicana, consolidando una de las alianzas ambientales privadas de mayor impacto en la cuenca del r\u00edo Ozama.<\/p>\n<p>El proyecto, que tendr\u00e1 una vigencia de dos a\u00f1os, contempla adem\u00e1s beneficiar de forma directa a unas 500 personas en comunidades rurales de Bayaguana y Monte Plata, integrando acciones de capacitaci\u00f3n, voluntariado corporativo y desarrollo productivo local.<\/p>\n<p>El eje central de la iniciativa es la restauraci\u00f3n ecol\u00f3gica en la subcuenca del r\u00edo Yabacao, considerada una zona clave para la sostenibilidad h\u00eddrica del Gran Santo Domingo. \u201cA trav\u00e9s de sistemas agroforestales y jornadas de reforestaci\u00f3n, el proyecto busca mejorar la cobertura vegetal, reducir la erosi\u00f3n del suelo y optimizar la regulaci\u00f3n del flujo h\u00eddrico\u201d, afirm\u00f3 el vicepresidente del FASD, Juan Roberto Amell.<\/p>\n<p>Asimismo, precis\u00f3 que el alcance t\u00e9cnico y territorial evidencia una apuesta relevante del sector privado por soluciones basadas en la naturaleza, que incluye el monitoreo continuo y la participaci\u00f3n activa de colaboradores de Gildan en jornadas de campo, fortaleciendo el v\u00ednculo entre empresa y medioambiente.<\/p>\n<p>De su lado, el asesor legal regional de Gildan, Jos\u00e9 Gonz\u00e1lez, destac\u00f3 que la alianza con el Fondo Agua Santo Domingo forma parte de las iniciativas del programa de inversi\u00f3n comunitaria de la compa\u00f1\u00eda y est\u00e1 alineada con su estrategia de sostenibilidad, que concibe la protecci\u00f3n del agua como una responsabilidad compartida y clave para el bienestar de las comunidades.<\/p>\n<p>Se\u00f1al\u00f3 que, desde su inicio en 2022, el acuerdo ha generado resultados extraordinarios, como la reforestaci\u00f3n de 11.72 hect\u00e1reas, la siembra de m\u00e1s de 12,900 plantas, contribuyendo al desarrollo de empleos verdes y capacidades locales.<\/p>\n<p>Indic\u00f3 que la expansi\u00f3n del proyecto hacia la subcuenca del r\u00edo Yabacao da continuidad a los avances alcanzados en la cuenca del r\u00edo Ozama y reafirma el compromiso de Gildan con la sostenibilidad ambiental. A\u00f1adi\u00f3 que el acuerdo se consolida como un modelo de articulaci\u00f3n entre el sector privado, las comunidades y plataformas t\u00e9cnicas especializadas, en respuesta a los desaf\u00edos de la seguridad h\u00eddrica del pa\u00eds.<\/p>\n<p>La actividad cont\u00f3 con la asistencia de directivos de ambas entidades, representantes de la embajada de Canad\u00e1, de la Red Empresarial para el Apoyo Ambiental (Ecored), de la Asociaci\u00f3n Dominicana de Exportadores (Adoexpo), de la Asociaci\u00f3n de Industrias de la Rep\u00fablicas Dominicana, entre otros actores del ecosistema empresarial, ambiental y aliados estrat\u00e9gicos.<\/p>\n","protected":false},"excerpt":{"rendered":"<p>Santo Domingo, Rep. Dom.- La intervenci\u00f3n de 32 hect\u00e1reas y la siembra de m\u00e1s de 35,200 plantas marcan el alcance de la renovaci\u00f3n de un acuerdo firmado entre el Fondo Agua Santo Domingo (FASD) y Gildan Dominicana, consolidando una de las alianzas ambientales privadas de mayor impacto en la cuenca del r\u00edo Ozama. El proyecto, [&hellip;]<\/p>\n","protected":false},"author":1,"featured_media":21514,"comment_status":"closed","ping_status":"closed","sticky":false,"template":"","format":"standard","meta":{"_monsterinsights_skip_tracking":false,"_monsterinsights_sitenote_active":false,"_monsterinsights_sitenote_note":"","_monsterinsights_sitenote_category":0,"_jetpack_memberships_contains_paid_content":false,"footnotes":""},"categories":[175],"tags":[],"class_list":["post-21513","post","type-post","status-publish","format-standard","has-post-thumbnail","hentry","category-nacionales"],"jetpack_featured_media_url":"https:\/\/opinionvertical.com\/wp-content\/uploads\/2026\/04\/fondo-agua-y-gildan-fortalecen-la-proteccion-hidrica-con-nuevo-acuerdo.jpg","jetpack_sharing_enabled":true,"_links":{"self":[{"href":"https:\/\/opinionvertical.com\/index.php?rest_route=\/wp\/v2\/posts\/21513","targetHints":{"allow":["GET"]}}],"collection":[{"href":"https:\/\/opinionvertical.com\/index.php?rest_route=\/wp\/v2\/posts"}],"about":[{"href":"https:\/\/opinionvertical.com\/index.php?rest_route=\/wp\/v2\/types\/post"}],"author":[{"embeddable":true,"href":"https:\/\/opinionvertical.com\/index.php?rest_route=\/wp\/v2\/users\/1"}],"replies":[{"embeddable":true,"href":"https:\/\/opinionvertical.com\/index.php?rest_route=%2Fwp%2Fv2%2Fcomments&post=21513"}],"version-history":[{"count":0,"href":"https:\/\/opinionvertical.com\/index.php?rest_route=\/wp\/v2\/posts\/21513\/revisions"}],"wp:featuredmedia":[{"embeddable":true,"href":"https:\/\/opinionvertical.com\/index.php?rest_route=\/wp\/v2\/media\/21514"}],"wp:attachment":[{"href":"https:\/\/opinionvertical.com\/index.php?rest_route=%2Fwp%2Fv2%2Fmedia&parent=21513"}],"wp:term":[{"taxonomy":"category","embeddable":true,"href":"https:\/\/opinionvertical.com\/index.php?rest_route=%2Fwp%2Fv2%2Fcategories&post=21513"},{"taxonomy":"post_tag","embeddable":true,"href":"https:\/\/opinionvertical.com\/index.php?rest_route=%2Fwp%2Fv2%2Ftags&post=21513"}],"curies":[{"name":"wp","href":"https:\/\/api.w.org\/{rel}","templated":true}]}}