{"id":21515,"date":"2026-04-30T16:19:05","date_gmt":"2026-04-30T16:19:05","guid":{"rendered":"https:\/\/7dias.com.do\/?p=532294"},"modified":"2026-04-30T16:19:05","modified_gmt":"2026-04-30T16:19:05","slug":"rd-se-perfila-como-hub-industrial-y-logistico-con-crecimiento-sostenido-y-aumento-de-exportaciones","status":"publish","type":"post","link":"https:\/\/opinionvertical.com\/?p=21515","title":{"rendered":"RD se perfila como hub industrial y log\u00edstico con crecimiento sostenido y aumento de exportaciones"},"content":{"rendered":"<p>Santo Domingo.\u2013 Con un crecimiento econ\u00f3mico superior al 5.1 %, un incremento de m\u00e1s del 18 % en las exportaciones y el fortalecimiento de los sectores industrial y agroindustrial, la Rep\u00fablica Dominicana consolida su posicionamiento como un potencial hub industrial y log\u00edstico en la regi\u00f3n, destac\u00f3 el presidente de la Asociaci\u00f3n de Industrias de la Rep\u00fablica Dominicana (AIRD), Julio Brache.<\/p>\n<p>Durante un acto encabezado por el presidente Luis Abinader, Brache afirm\u00f3 que la estabilidad institucional, la expansi\u00f3n de la plataforma productiva y una trayectoria sostenida de crecimiento constituyen las principales ventajas competitivas del pa\u00eds ante inversionistas internacionales.<\/p>\n<p>El dirigente empresarial subray\u00f3 que la industria es un pilar clave para la estabilidad econ\u00f3mica, al generar empleo formal, valor agregado y encadenamientos productivos que dinamizan m\u00faltiples sectores. \u201cNo es casualidad. Es el resultado de decisiones y de una estrategia pa\u00eds que est\u00e1 dando frutos\u201d, expres\u00f3.<\/p>\n<p>Brache ofreci\u00f3 estas declaraciones en el marco de la celebraci\u00f3n del D\u00eda de la Industria Nacional y el 64 aniversario de la AIRD, donde tambi\u00e9n se presentaron los resultados del estudio sobre el tejido productivo de la industria dominicana, elaborado por la firma DASA.<\/p>\n<figure class=\"wp-block-image size-large is-resized\"><img alt=\"Rep\u00fablica Dominicana hub industrial\" fetchpriority=\"high\" decoding=\"async\" width=\"650\" height=\"400\" src=\"https:\/\/7dias.com.do\/wp-content\/uploads\/2026\/04\/WhatsApp-Image-2026-04-30-at-11.46.14-AM-1-650x400.jpeg\" class=\"wp-image-532298\"><\/figure>\n<p>En cuanto al desempe\u00f1o econ\u00f3mico reciente, cit\u00f3 datos del Banco Central que indican que en marzo de 2024 el Indicador Mensual de Actividad Econ\u00f3mica registr\u00f3 un crecimiento interanual superior al 5.1 %, el m\u00e1s alto en los \u00faltimos 11 meses. La manufactura local creci\u00f3 cerca de un 4 %, mientras que las zonas francas avanzaron un 7 %, llevando el acumulado del primer trimestre por encima del 4 %.<\/p>\n<p>Asimismo, destac\u00f3 que las recaudaciones de la Direcci\u00f3n General de Impuestos Internos y la Direcci\u00f3n General de Aduanas mostraron cifras de doble d\u00edgito, respaldando estos resultados. En el \u00e1mbito agroindustrial, resalt\u00f3 que el pa\u00eds alcanz\u00f3 en 2025 una producci\u00f3n r\u00e9cord de arroz de 14.38 millones de quintales, posicion\u00e1ndose como el mayor productor del Caribe y Centroam\u00e9rica.<\/p>\n<p>En materia de comercio exterior, inform\u00f3 que entre enero y marzo de 2026 las exportaciones ascendieron a 3,736.9 millones de d\u00f3lares, evidenciando un crecimiento superior al 18 % respecto al mismo per\u00edodo del a\u00f1o anterior.<\/p>\n<p>Brache tambi\u00e9n se\u00f1al\u00f3 que la Comisi\u00f3n Econ\u00f3mica para Am\u00e9rica Latina y el Caribe (CEPAL) elev\u00f3 la proyecci\u00f3n de crecimiento del pa\u00eds para 2026 a un 4 %, por encima del promedio regional, lo que refuerza la confianza internacional en la econom\u00eda dominicana.<\/p>\n<p>El l\u00edder industrial indic\u00f3 que, pese a un contexto global marcado por tensiones geopol\u00edticas y desaf\u00edos en las cadenas de suministro, el pa\u00eds tiene una oportunidad hist\u00f3rica gracias al fen\u00f3meno del nearshoring y la reconfiguraci\u00f3n del comercio mundial.<\/p>\n<p>No obstante, advirti\u00f3 que el desarrollo industrial requiere fortalecer la formalidad, mejorar el entorno regulatorio y alinear pol\u00edticas p\u00fablicas con objetivos de productividad y competitividad. Tambi\u00e9n llam\u00f3 a una mayor coordinaci\u00f3n entre el sector p\u00fablico, privado y acad\u00e9mico para impulsar el crecimiento sostenible.<\/p>\n<p>Por su parte, el vicepresidente ejecutivo de la AIRD, Mario E. Pujols, abog\u00f3 por garantizar una competencia justa mediante el cumplimiento de normativas, el fortalecimiento de la defensa comercial y reformas laborales orientadas a fomentar la formalidad y la creaci\u00f3n de empleos de calidad.<\/p>\n<p>El acto cont\u00f3 con la presencia de altos funcionarios del Gobierno, representantes del sector financiero y l\u00edderes empresariales, quienes coincidieron en la necesidad de continuar impulsando pol\u00edticas que fortalezcan la industria nacional y consoliden el desarrollo econ\u00f3mico del pa\u00eds.<\/p>\n","protected":false},"excerpt":{"rendered":"<p>Santo Domingo.\u2013 Con un crecimiento econ\u00f3mico superior al 5.1 %, un incremento de m\u00e1s del 18 % en las exportaciones y el fortalecimiento de los sectores industrial y agroindustrial, la Rep\u00fablica Dominicana consolida su posicionamiento como un potencial hub industrial y log\u00edstico en la regi\u00f3n, destac\u00f3 el presidente de la Asociaci\u00f3n de Industrias de la [&hellip;]<\/p>\n","protected":false},"author":1,"featured_media":21516,"comment_status":"closed","ping_status":"closed","sticky":false,"template":"","format":"standard","meta":{"_monsterinsights_skip_tracking":false,"_monsterinsights_sitenote_active":false,"_monsterinsights_sitenote_note":"","_monsterinsights_sitenote_category":0,"_jetpack_memberships_contains_paid_content":false,"footnotes":""},"categories":[1],"tags":[],"class_list":["post-21515","post","type-post","status-publish","format-standard","has-post-thumbnail","hentry","category-uncategorized"],"jetpack_featured_media_url":"https:\/\/opinionvertical.com\/wp-content\/uploads\/2026\/04\/rd-se-perfila-como-hub-industrial-y-logistico-con-crecimiento-sostenido-y-aumento-de-exportaciones.jpg","jetpack_sharing_enabled":true,"_links":{"self":[{"href":"https:\/\/opinionvertical.com\/index.php?rest_route=\/wp\/v2\/posts\/21515","targetHints":{"allow":["GET"]}}],"collection":[{"href":"https:\/\/opinionvertical.com\/index.php?rest_route=\/wp\/v2\/posts"}],"about":[{"href":"https:\/\/opinionvertical.com\/index.php?rest_route=\/wp\/v2\/types\/post"}],"author":[{"embeddable":true,"href":"https:\/\/opinionvertical.com\/index.php?rest_route=\/wp\/v2\/users\/1"}],"replies":[{"embeddable":true,"href":"https:\/\/opinionvertical.com\/index.php?rest_route=%2Fwp%2Fv2%2Fcomments&post=21515"}],"version-history":[{"count":0,"href":"https:\/\/opinionvertical.com\/index.php?rest_route=\/wp\/v2\/posts\/21515\/revisions"}],"wp:featuredmedia":[{"embeddable":true,"href":"https:\/\/opinionvertical.com\/index.php?rest_route=\/wp\/v2\/media\/21516"}],"wp:attachment":[{"href":"https:\/\/opinionvertical.com\/index.php?rest_route=%2Fwp%2Fv2%2Fmedia&parent=21515"}],"wp:term":[{"taxonomy":"category","embeddable":true,"href":"https:\/\/opinionvertical.com\/index.php?rest_route=%2Fwp%2Fv2%2Fcategories&post=21515"},{"taxonomy":"post_tag","embeddable":true,"href":"https:\/\/opinionvertical.com\/index.php?rest_route=%2Fwp%2Fv2%2Ftags&post=21515"}],"curies":[{"name":"wp","href":"https:\/\/api.w.org\/{rel}","templated":true}]}}