{"id":21524,"date":"2026-04-30T17:09:41","date_gmt":"2026-04-30T17:09:41","guid":{"rendered":"https:\/\/7dias.com.do\/?p=532320"},"modified":"2026-04-30T17:09:41","modified_gmt":"2026-04-30T17:09:41","slug":"onesvie-investiga-impacto-del-derrumbe-en-carretera-del-cruce-de-ocoa-tras-intensas-lluvias","status":"publish","type":"post","link":"https:\/\/opinionvertical.com\/?p=21524","title":{"rendered":"Onesvie investiga impacto del derrumbe en carretera del Cruce de Ocoa tras intensas lluvias"},"content":{"rendered":"<div><img decoding=\"async\" src=\"https:\/\/7dias.com.do\/wp-content\/uploads\/2026\/04\/Onesvie-Oca-A.jpg\" class=\"ff-og-image-inserted\"><\/div>\n<p>San Jos\u00e9 de Ocoa, RD.- Una comisi\u00f3n t\u00e9cnica compuesta por ingenieros y arquitectos de la Oficina Nacional de Evaluaci\u00f3n S\u00edsmica y Vulnerabilidad de Infraestructura y Edificaciones (Onesvie), junto con especialistas de la Comisi\u00f3n de Supervisi\u00f3n de Infraestructuras P\u00fablicas ante el Cambio Clim\u00e1tico, llev\u00f3 a cabo una evaluaci\u00f3n en el tramo carretero Ocoa\u2013Cruce de Ocoa, tras los derrumbes registrados a causa de las lluvias.<\/p>\n<p>Durante la jornada, el equipo realiz\u00f3 inspecciones visuales y levantamientos de campo con el objetivo de analizar las condiciones del terreno y determinar los factores estructurales y ambientales que influyen en el deterioro de esta v\u00eda.<\/p>\n<p>Seg\u00fan las autoridades, los resultados del levantamiento permitir\u00e1n identificar las causas del colapso desde una base t\u00e9cnica y cient\u00edfica, adem\u00e1s de definir una soluci\u00f3n que garantice la seguridad, estabilidad y durabilidad de la infraestructura.<\/p>\n<p>Este proceso es parte de una estrategia integral que incluye estudios geol\u00f3gicos realizados previamente por el Servicio Geol\u00f3gico Nacional (SGN), como parte de las acciones coordinadas para ofrecer una soluci\u00f3n definitiva a la problem\u00e1tica.<\/p>\n<p>La intervenci\u00f3n responde a una solicitud del senador Aneudy Ortiz Sajiun dirigida al director general de Onesvie, el ingeniero Leonardo Reyes Madera, con el prop\u00f3sito de atender de manera oportuna la situaci\u00f3n que afecta esta importante conexi\u00f3n vial.<\/p>\n<p>Ortiz Sajiun explic\u00f3 que, despu\u00e9s de varias conversaciones con el destacado ocoe\u00f1o Milc\u00edades Mej\u00eda, se determin\u00f3 la necesidad de completar todos los estudios t\u00e9cnicos, geol\u00f3gicos y cient\u00edficos antes de llevar a cabo cualquier intervenci\u00f3n, con el objetivo de asegurar la toma de decisiones correctas.<\/p>\n<p>El legislador reiter\u00f3 la importancia de priorizar soluciones responsables, destacando que, aunque la poblaci\u00f3n demanda respuestas inmediatas, su compromiso es impulsar una intervenci\u00f3n que garantice la seguridad y la calidad de la obra. \u201cSabemos que nuestra gente necesita respuestas, pero lo m\u00e1s importante es asegurar una soluci\u00f3n definitiva y bien hecha, que resuelva este problema de manera segura y duradera\u201d, expres\u00f3.<\/p>\n<p>Finalmente, inform\u00f3 que el informe ser\u00e1 enviado al Poder Ejecutivo y al Ministerio de Obras P\u00fablicas y Comunicaciones (MOPC) para la toma de decisiones correspondientes. Adem\u00e1s, agradeci\u00f3 la r\u00e1pida respuesta de Onesvie ante la situaci\u00f3n que afecta a la provincia.<\/p>\n<p>Desde la Oficina Nacional de Evaluaci\u00f3n S\u00edsmica y Vulnerabilidad de Infraestructura y Edificaciones (Onesvie), se reitera el compromiso de trabajar de manera coordinada con las instituciones competentes para garantizar una soluci\u00f3n integral que satisfaga las necesidades de la provincia y restablezca de forma segura esta importante v\u00eda de comunicaci\u00f3n.<\/p>\n","protected":false},"excerpt":{"rendered":"<p>San Jos\u00e9 de Ocoa, RD.- Una comisi\u00f3n t\u00e9cnica compuesta por ingenieros y arquitectos de la Oficina Nacional de Evaluaci\u00f3n S\u00edsmica y Vulnerabilidad de Infraestructura y Edificaciones (Onesvie), junto con especialistas de la Comisi\u00f3n de Supervisi\u00f3n de Infraestructuras P\u00fablicas ante el Cambio Clim\u00e1tico, llev\u00f3 a cabo una evaluaci\u00f3n en el tramo carretero Ocoa\u2013Cruce de Ocoa, tras [&hellip;]<\/p>\n","protected":false},"author":1,"featured_media":21525,"comment_status":"closed","ping_status":"closed","sticky":false,"template":"","format":"standard","meta":{"_monsterinsights_skip_tracking":false,"_monsterinsights_sitenote_active":false,"_monsterinsights_sitenote_note":"","_monsterinsights_sitenote_category":0,"_jetpack_memberships_contains_paid_content":false,"footnotes":""},"categories":[175],"tags":[],"class_list":["post-21524","post","type-post","status-publish","format-standard","has-post-thumbnail","hentry","category-nacionales"],"jetpack_featured_media_url":"https:\/\/opinionvertical.com\/wp-content\/uploads\/2026\/04\/onesvie-investiga-impacto-del-derrumbe-en-carretera-del-cruce-de-ocoa-tras-intensas-lluvias.jpg","jetpack_sharing_enabled":true,"_links":{"self":[{"href":"https:\/\/opinionvertical.com\/index.php?rest_route=\/wp\/v2\/posts\/21524","targetHints":{"allow":["GET"]}}],"collection":[{"href":"https:\/\/opinionvertical.com\/index.php?rest_route=\/wp\/v2\/posts"}],"about":[{"href":"https:\/\/opinionvertical.com\/index.php?rest_route=\/wp\/v2\/types\/post"}],"author":[{"embeddable":true,"href":"https:\/\/opinionvertical.com\/index.php?rest_route=\/wp\/v2\/users\/1"}],"replies":[{"embeddable":true,"href":"https:\/\/opinionvertical.com\/index.php?rest_route=%2Fwp%2Fv2%2Fcomments&post=21524"}],"version-history":[{"count":0,"href":"https:\/\/opinionvertical.com\/index.php?rest_route=\/wp\/v2\/posts\/21524\/revisions"}],"wp:featuredmedia":[{"embeddable":true,"href":"https:\/\/opinionvertical.com\/index.php?rest_route=\/wp\/v2\/media\/21525"}],"wp:attachment":[{"href":"https:\/\/opinionvertical.com\/index.php?rest_route=%2Fwp%2Fv2%2Fmedia&parent=21524"}],"wp:term":[{"taxonomy":"category","embeddable":true,"href":"https:\/\/opinionvertical.com\/index.php?rest_route=%2Fwp%2Fv2%2Fcategories&post=21524"},{"taxonomy":"post_tag","embeddable":true,"href":"https:\/\/opinionvertical.com\/index.php?rest_route=%2Fwp%2Fv2%2Ftags&post=21524"}],"curies":[{"name":"wp","href":"https:\/\/api.w.org\/{rel}","templated":true}]}}