{"id":21528,"date":"2026-04-30T17:32:04","date_gmt":"2026-04-30T17:32:04","guid":{"rendered":"https:\/\/7dias.com.do\/?p=532317"},"modified":"2026-04-30T17:32:04","modified_gmt":"2026-04-30T17:32:04","slug":"alcaldia-de-santiago-activa-operativo-tras-el-deslizamiento-de-tierra","status":"publish","type":"post","link":"https:\/\/opinionvertical.com\/?p=21528","title":{"rendered":"Alcald\u00eda de Santiago activa operativo tras el deslizamiento de tierra"},"content":{"rendered":"<div><img decoding=\"async\" src=\"https:\/\/7dias.com.do\/wp-content\/uploads\/2026\/04\/WhatsApp-Image-2026-04-30-at-12.13.13-PM.jpeg\" class=\"ff-og-image-inserted\"><\/div>\n<p>La Alcald\u00eda de Santiago de los Caballeros anunci\u00f3 que desde la madrugada de este jueves activ\u00f3 un operativo de b\u00fasqueda y respuesta, tras el deslizamiento de tierra que afect\u00f3 una estructura en el sector Arroyo Hondo, donde se descart\u00f3 la presencia de personas al momento del derrumbe.<\/p>\n<p>En las labores participaron Cuerpo de Bomberos, unidades de la Defensa Civil, quienes trabajaron de manera coordinada en la remoci\u00f3n de escombros y en la inspecci\u00f3n del \u00e1rea. Para confirmar que no haya personas en el lugar.<\/p>\n<p>La informaci\u00f3n fue ofrecida por el subintendente del Cuerpo de Bomberos de Santiago, coronel Alex Torres, quien explic\u00f3 que las brigadas fueron activadas tras recibir el reporte del incidente en horas de la madrugada.<\/p>\n<p>No obstante, Torres indic\u00f3 que, tras las labores de verificaci\u00f3n, se confirm\u00f3 que la persona no se encontraba en el lugar al momento del suceso, informaci\u00f3n que fue corroborada al ubicarla con vida.<\/p>\n<p>\u201cConfirmada esta informaci\u00f3n, se procedi\u00f3 a detener la b\u00fasqueda. Mientras tanto, los equipos contin\u00faan trabajando en el terreno\u201d, precis\u00f3 el oficial.<\/p>\n","protected":false},"excerpt":{"rendered":"<p>La Alcald\u00eda de Santiago de los Caballeros anunci\u00f3 que desde la madrugada de este jueves activ\u00f3 un operativo de b\u00fasqueda y respuesta, tras el deslizamiento de tierra que afect\u00f3 una estructura en el sector Arroyo Hondo, donde se descart\u00f3 la presencia de personas al momento del derrumbe. En las labores participaron Cuerpo de Bomberos, unidades [&hellip;]<\/p>\n","protected":false},"author":1,"featured_media":21529,"comment_status":"closed","ping_status":"closed","sticky":false,"template":"","format":"standard","meta":{"_monsterinsights_skip_tracking":false,"_monsterinsights_sitenote_active":false,"_monsterinsights_sitenote_note":"","_monsterinsights_sitenote_category":0,"_jetpack_memberships_contains_paid_content":false,"footnotes":""},"categories":[175],"tags":[],"class_list":["post-21528","post","type-post","status-publish","format-standard","has-post-thumbnail","hentry","category-nacionales"],"jetpack_featured_media_url":"https:\/\/opinionvertical.com\/wp-content\/uploads\/2026\/04\/alcaldia-de-santiago-activa-operativo-tras-el-deslizamiento-de-tierra.jpg","jetpack_sharing_enabled":true,"_links":{"self":[{"href":"https:\/\/opinionvertical.com\/index.php?rest_route=\/wp\/v2\/posts\/21528","targetHints":{"allow":["GET"]}}],"collection":[{"href":"https:\/\/opinionvertical.com\/index.php?rest_route=\/wp\/v2\/posts"}],"about":[{"href":"https:\/\/opinionvertical.com\/index.php?rest_route=\/wp\/v2\/types\/post"}],"author":[{"embeddable":true,"href":"https:\/\/opinionvertical.com\/index.php?rest_route=\/wp\/v2\/users\/1"}],"replies":[{"embeddable":true,"href":"https:\/\/opinionvertical.com\/index.php?rest_route=%2Fwp%2Fv2%2Fcomments&post=21528"}],"version-history":[{"count":0,"href":"https:\/\/opinionvertical.com\/index.php?rest_route=\/wp\/v2\/posts\/21528\/revisions"}],"wp:featuredmedia":[{"embeddable":true,"href":"https:\/\/opinionvertical.com\/index.php?rest_route=\/wp\/v2\/media\/21529"}],"wp:attachment":[{"href":"https:\/\/opinionvertical.com\/index.php?rest_route=%2Fwp%2Fv2%2Fmedia&parent=21528"}],"wp:term":[{"taxonomy":"category","embeddable":true,"href":"https:\/\/opinionvertical.com\/index.php?rest_route=%2Fwp%2Fv2%2Fcategories&post=21528"},{"taxonomy":"post_tag","embeddable":true,"href":"https:\/\/opinionvertical.com\/index.php?rest_route=%2Fwp%2Fv2%2Ftags&post=21528"}],"curies":[{"name":"wp","href":"https:\/\/api.w.org\/{rel}","templated":true}]}}