{"id":21536,"date":"2026-04-30T18:21:32","date_gmt":"2026-04-30T18:21:32","guid":{"rendered":"https:\/\/7dias.com.do\/?p=532349"},"modified":"2026-04-30T18:21:32","modified_gmt":"2026-04-30T18:21:32","slug":"condenado-a-20-anos-de-prision-por-violar-a-una-nina-en-los-alcarrizos","status":"publish","type":"post","link":"https:\/\/opinionvertical.com\/?p=21536","title":{"rendered":"Condenado a 20 a\u00f1os de prisi\u00f3n por violar a una ni\u00f1a en los alcarrizos"},"content":{"rendered":"<div><img decoding=\"async\" src=\"https:\/\/7dias.com.do\/wp-content\/uploads\/2026\/04\/violencia-mujeres.jpg\" class=\"ff-og-image-inserted\"><\/div>\n<p>Santo Domingo, RD.-. Un hombre fue condenado a 20 a\u00f1os de prisi\u00f3n tras ser procesado por el Ministerio P\u00fablico por violar sexualmente a una ni\u00f1a durante cuatro a\u00f1os, en un hecho ocurrido en el municipio de Los Alcarrizos, provincia Santo Domingo.<\/p>\n<p>Santo Carlos Mart\u00ednez Mart\u00ednez fue hallado culpable del delito por el Cuarto Tribunal Colegiado, el cual acept\u00f3 los elementos de prueba presentados por el Ministerio P\u00fablico, incluyendo el testimonio de la v\u00edctima, as\u00ed como evaluaciones f\u00edsicas y psicol\u00f3gicas.<\/p>\n<p>La acusaci\u00f3n, basada en la investigaci\u00f3n de la fiscal Olivia Sosa, detalla que el procesado aprovechaba que la v\u00edctima estuviera durmiendo para cometer el delito.<\/p>\n<p>Las fiscales litigantes Francheska Alc\u00e1ntara y Brenda Reyes representaron al Ministerio P\u00fablico en el juicio y solicitaron condenar al procesado por violar varios art\u00edculos del C\u00f3digo Penal Dominicano, as\u00ed como diversos art\u00edculos de la Ley No. 136-03, que establece el C\u00f3digo para el Sistema de Protecci\u00f3n y los Derechos Fundamentales de Ni\u00f1os, Ni\u00f1as y Adolescentes.<\/p>\n<p>El tribunal, presidido por el juez Julio de los Santos Morla e integrado por Leonarda Quezada y Clara Rivera, envi\u00f3 al ahora condenado a cumplir la sentencia en el Centro de Correcci\u00f3n y Rehabilitaci\u00f3n (CCR) Najayo Hombres, de la provincia de San Crist\u00f3bal.<\/p>\n","protected":false},"excerpt":{"rendered":"<p>Santo Domingo, RD.-. Un hombre fue condenado a 20 a\u00f1os de prisi\u00f3n tras ser procesado por el Ministerio P\u00fablico por violar sexualmente a una ni\u00f1a durante cuatro a\u00f1os, en un hecho ocurrido en el municipio de Los Alcarrizos, provincia Santo Domingo. Santo Carlos Mart\u00ednez Mart\u00ednez fue hallado culpable del delito por el Cuarto Tribunal Colegiado, [&hellip;]<\/p>\n","protected":false},"author":1,"featured_media":21539,"comment_status":"closed","ping_status":"closed","sticky":false,"template":"","format":"standard","meta":{"_monsterinsights_skip_tracking":false,"_monsterinsights_sitenote_active":false,"_monsterinsights_sitenote_note":"","_monsterinsights_sitenote_category":0,"_jetpack_memberships_contains_paid_content":false,"footnotes":""},"categories":[175],"tags":[],"class_list":["post-21536","post","type-post","status-publish","format-standard","has-post-thumbnail","hentry","category-nacionales"],"jetpack_featured_media_url":"https:\/\/opinionvertical.com\/wp-content\/uploads\/2026\/04\/condenado-a-20-anos-de-prision-por-violar-a-una-nina-en-los-alcarrizos.jpg","jetpack_sharing_enabled":true,"_links":{"self":[{"href":"https:\/\/opinionvertical.com\/index.php?rest_route=\/wp\/v2\/posts\/21536","targetHints":{"allow":["GET"]}}],"collection":[{"href":"https:\/\/opinionvertical.com\/index.php?rest_route=\/wp\/v2\/posts"}],"about":[{"href":"https:\/\/opinionvertical.com\/index.php?rest_route=\/wp\/v2\/types\/post"}],"author":[{"embeddable":true,"href":"https:\/\/opinionvertical.com\/index.php?rest_route=\/wp\/v2\/users\/1"}],"replies":[{"embeddable":true,"href":"https:\/\/opinionvertical.com\/index.php?rest_route=%2Fwp%2Fv2%2Fcomments&post=21536"}],"version-history":[{"count":0,"href":"https:\/\/opinionvertical.com\/index.php?rest_route=\/wp\/v2\/posts\/21536\/revisions"}],"wp:featuredmedia":[{"embeddable":true,"href":"https:\/\/opinionvertical.com\/index.php?rest_route=\/wp\/v2\/media\/21539"}],"wp:attachment":[{"href":"https:\/\/opinionvertical.com\/index.php?rest_route=%2Fwp%2Fv2%2Fmedia&parent=21536"}],"wp:term":[{"taxonomy":"category","embeddable":true,"href":"https:\/\/opinionvertical.com\/index.php?rest_route=%2Fwp%2Fv2%2Fcategories&post=21536"},{"taxonomy":"post_tag","embeddable":true,"href":"https:\/\/opinionvertical.com\/index.php?rest_route=%2Fwp%2Fv2%2Ftags&post=21536"}],"curies":[{"name":"wp","href":"https:\/\/api.w.org\/{rel}","templated":true}]}}