{"id":21544,"date":"2026-04-30T18:59:06","date_gmt":"2026-04-30T18:59:06","guid":{"rendered":"https:\/\/7dias.com.do\/?p=532354"},"modified":"2026-04-30T18:59:06","modified_gmt":"2026-04-30T18:59:06","slug":"conescyt-aprueba-historica-reforma-educativa-y-nuevas-ofertas-academicas-en-republica-dominicana","status":"publish","type":"post","link":"https:\/\/opinionvertical.com\/?p=21544","title":{"rendered":"Conescyt aprueba hist\u00f3rica reforma educativa y nuevas ofertas acad\u00e9micas en Rep\u00fablica Dominicana"},"content":{"rendered":"<div><img decoding=\"async\" src=\"https:\/\/7dias.com.do\/wp-content\/uploads\/2026\/04\/WhatsApp-Image-2026-04-30-at-2.01.25-PM.jpeg\" class=\"ff-og-image-inserted\"><\/div>\n<p>Santo Domingo, RD.-. El Consejo Nacional de Educaci\u00f3n Superior, Ciencia y Tecnolog\u00eda (CONESCyT) aprob\u00f3 por consenso y unanimidad los trabajos correspondientes a la reforma educativa impulsada por el Gobierno dominicano, durante su primera sesi\u00f3n ordinaria, celebrada el 28 de abril de 2026, la cual fue presidida por el ministro de Educaci\u00f3n Superior, Ciencia y Tecnolog\u00eda, Rafael Santos Bad\u00eda.<\/p>\n<p>Esta decisi\u00f3n representa un paso estrat\u00e9gico para la transformaci\u00f3n del sistema de educaci\u00f3n superior nacional, aline\u00e1ndose con la necesidad de responder de manera efectiva a los desaf\u00edos del contexto global, caracterizado por profundos cambios geopol\u00edticos, avances tecnol\u00f3gicos acelerados y nuevas din\u00e1micas econ\u00f3micas.<\/p>\n<p>En el marco de esta sesi\u00f3n, el CONESCyT tambi\u00e9n aprob\u00f3 la incorporaci\u00f3n de nuevas ofertas acad\u00e9micas, que incluyen programas de t\u00e9cnico superior, licenciaturas y maestr\u00edas. Entre las propuestas aprobadas se destacan el T\u00e9cnico Superior en Animaci\u00f3n Digital, del Instituto Tecnol\u00f3gico de Las Am\u00e9ricas, y el T\u00e9cnico Superior en Agrimensura, de la Universidad Agroforestal Fernando Arturo de Meri\u00f1o (UAFAM). Asimismo, se autorizaron programas acad\u00e9micos en Dise\u00f1o de Moda y Dise\u00f1o de Interiores, este \u00faltimo impulsado por el Instituto T\u00e9cnico Superior Mercy Jacquez (ITESUMJ).<\/p>\n<p>Durante su intervenci\u00f3n, el ministro Rafael Santos Bad\u00eda destac\u00f3 la importancia de avanzar hacia la construcci\u00f3n de un modelo educativo propio, contextualizado a las realidades y necesidades del pa\u00eds, que fortalezca la generaci\u00f3n, el uso y la difusi\u00f3n del conocimiento.<\/p>\n<p>\u201cNecesitamos construir un sistema educativo que ense\u00f1e conocimiento, que ense\u00f1e a las personas a utilizarlo y que les ense\u00f1e a difundirlo\u201d, expres\u00f3.<\/p>\n<p>En ese sentido, se\u00f1al\u00f3 que el sistema educativo nacional debe responder de manera proactiva a las transformaciones que ocurren en el \u00e1mbito internacional, promoviendo una formaci\u00f3n adecuada que garantice la preparaci\u00f3n integral del capital humano dominicano.<\/p>\n<p>Asimismo, destac\u00f3 la necesidad de una educaci\u00f3n enfocada en la empleabilidad, la innovaci\u00f3n y el desarrollo de competencias relevantes, con el fin de asegurar que los egresados del sistema de educaci\u00f3n superior posean las capacidades necesarias para su inserci\u00f3n efectiva en el mercado laboral actual y futuro.<\/p>\n<p>El ministro subray\u00f3 que la reforma educativa aprobada tiene como ejes fundamentales el fortalecimiento de la investigaci\u00f3n, la ciencia y la tecnolog\u00eda, as\u00ed como la consolidaci\u00f3n de un sistema de educaci\u00f3n superior m\u00e1s articulado, eficiente y orientado al desarrollo sostenible de la Rep\u00fablica Dominicana.<\/p>\n<p>La sesi\u00f3n del CONESCyT cont\u00f3 con la participaci\u00f3n de sus miembros, presididos por el ministro Santos Bad\u00eda, e integrada por el padre Isaac Garc\u00eda, Wendy Ram\u00edrez, Jos\u00e9 Ram\u00f3n Hongu\u00edn, el reverendo Cecilio Espinal, Jos\u00e9 Leandro Aibar, Jos\u00e9 Hazin, Radham\u00e9s Silverio, V\u00e1zquez Espinoza, Yahaira Rosa, Yolanda Salazar, C\u00e9sar Guzm\u00e1n, Minerva Emilia Pereira, Osmar Olivo, Edison Franco, Israel Contreras, Modesto Cruz, Eladio Arnaud, Odalis Guillermo, Radham\u00e9s Mej\u00eda, Ram\u00f3n S\u00e1nchez, Francisco Viloria, Carmen Molina, Paula Disla, Otto Vargas, Genaro Rodr\u00edguez, Carmen Evaristo y \u00d3scar Amarg\u00f3s.<\/p>\n<p>La aprobaci\u00f3n de la reforma educativa y de la nueva oferta acad\u00e9mica se llev\u00f3 a cabo de acuerdo con los principios y mecanismos democr\u00e1ticos establecidos dentro del Consejo, consolidando un proceso orientado a sentar las bases para una transformaci\u00f3n estructural y sostenible del sistema de educaci\u00f3n superior dominicano.<\/p>\n","protected":false},"excerpt":{"rendered":"<p>Santo Domingo, RD.-. El Consejo Nacional de Educaci\u00f3n Superior, Ciencia y Tecnolog\u00eda (CONESCyT) aprob\u00f3 por consenso y unanimidad los trabajos correspondientes a la reforma educativa impulsada por el Gobierno dominicano, durante su primera sesi\u00f3n ordinaria, celebrada el 28 de abril de 2026, la cual fue presidida por el ministro de Educaci\u00f3n Superior, Ciencia y Tecnolog\u00eda, [&hellip;]<\/p>\n","protected":false},"author":1,"featured_media":21545,"comment_status":"closed","ping_status":"closed","sticky":false,"template":"","format":"standard","meta":{"_monsterinsights_skip_tracking":false,"_monsterinsights_sitenote_active":false,"_monsterinsights_sitenote_note":"","_monsterinsights_sitenote_category":0,"_jetpack_memberships_contains_paid_content":false,"footnotes":""},"categories":[175],"tags":[],"class_list":["post-21544","post","type-post","status-publish","format-standard","has-post-thumbnail","hentry","category-nacionales"],"jetpack_featured_media_url":"https:\/\/opinionvertical.com\/wp-content\/uploads\/2026\/04\/conescyt-aprueba-historica-reforma-educativa-y-nuevas-ofertas-academicas-en-republica-dominicana.jpg","jetpack_sharing_enabled":true,"_links":{"self":[{"href":"https:\/\/opinionvertical.com\/index.php?rest_route=\/wp\/v2\/posts\/21544","targetHints":{"allow":["GET"]}}],"collection":[{"href":"https:\/\/opinionvertical.com\/index.php?rest_route=\/wp\/v2\/posts"}],"about":[{"href":"https:\/\/opinionvertical.com\/index.php?rest_route=\/wp\/v2\/types\/post"}],"author":[{"embeddable":true,"href":"https:\/\/opinionvertical.com\/index.php?rest_route=\/wp\/v2\/users\/1"}],"replies":[{"embeddable":true,"href":"https:\/\/opinionvertical.com\/index.php?rest_route=%2Fwp%2Fv2%2Fcomments&post=21544"}],"version-history":[{"count":0,"href":"https:\/\/opinionvertical.com\/index.php?rest_route=\/wp\/v2\/posts\/21544\/revisions"}],"wp:featuredmedia":[{"embeddable":true,"href":"https:\/\/opinionvertical.com\/index.php?rest_route=\/wp\/v2\/media\/21545"}],"wp:attachment":[{"href":"https:\/\/opinionvertical.com\/index.php?rest_route=%2Fwp%2Fv2%2Fmedia&parent=21544"}],"wp:term":[{"taxonomy":"category","embeddable":true,"href":"https:\/\/opinionvertical.com\/index.php?rest_route=%2Fwp%2Fv2%2Fcategories&post=21544"},{"taxonomy":"post_tag","embeddable":true,"href":"https:\/\/opinionvertical.com\/index.php?rest_route=%2Fwp%2Fv2%2Ftags&post=21544"}],"curies":[{"name":"wp","href":"https:\/\/api.w.org\/{rel}","templated":true}]}}