{"id":21568,"date":"2026-04-30T19:42:42","date_gmt":"2026-04-30T19:42:42","guid":{"rendered":"https:\/\/7dias.com.do\/?p=532370"},"modified":"2026-04-30T19:42:42","modified_gmt":"2026-04-30T19:42:42","slug":"julio-landron-destaca-avances-en-planificacion-sanitaria-para-juegos-del-caribe-2026","status":"publish","type":"post","link":"https:\/\/opinionvertical.com\/?p=21568","title":{"rendered":"Julio Landr\u00f3n destaca avances en planificaci\u00f3n sanitaria para juegos del caribe 2026"},"content":{"rendered":"<div><img decoding=\"async\" src=\"https:\/\/7dias.com.do\/wp-content\/uploads\/2026\/04\/WhatsApp-Image-2026-04-30-at-2.07.09-PM.jpeg\" class=\"ff-og-image-inserted\"><\/div>\n<p>Santo Domingo, RD.-. El director ejecutivo del Servicio Nacional de Salud (SNS), doctor Julio Landr\u00f3n, sostuvo un encuentro de trabajo con el ministro de Deportes, Kelvin Cruz, y el presidente del Comit\u00e9 Ol\u00edmpico Dominicano, Garibaldy Bautista, en el que se abordaron aspectos estrat\u00e9gicos relacionados con la cobertura sanitaria de los XXV Juegos Centroamericanos y del Caribe 2026.<\/p>\n<p>Durante la reuni\u00f3n, Landr\u00f3n explic\u00f3 que el SNS avanza en la planificaci\u00f3n integral de los servicios de salud que se ofrecer\u00e1n durante el evento, con \u00e9nfasis en la preparaci\u00f3n de la red hospitalaria y el despliegue de personal m\u00e9dico en los distintos escenarios deportivos. Indic\u00f3 que la instituci\u00f3n garantizar\u00e1 la asistencia oportuna tanto a los atletas como a las delegaciones internacionales, a los fan\u00e1ticos y a la poblaci\u00f3n en general que participe en el evento deportivo.<\/p>\n<p>En ese sentido, detall\u00f3 que la Ciudad Sanitaria Luis Eduardo Aybar funcionar\u00e1 como centro de referencia nacional, mientras que los hospitales traumatol\u00f3gicos Ney Arias Lora y Dar\u00edo Contreras se habilitar\u00e1n como centros especializados para la atenci\u00f3n de casos de mayor complejidad.<\/p>\n<p>Asimismo, se inform\u00f3 que se dispondr\u00e1n de unidades m\u00f3viles odontol\u00f3gicas, personal de salud para el Policl\u00ednico de la Villa Ol\u00edmpica y mecanismos de coordinaci\u00f3n en todas las provincias donde se desarrollar\u00e1n disciplinas deportivas, como parte del fortalecimiento de la respuesta sanitaria en el territorio.<\/p>\n<p>El titular del SNS precis\u00f3 que la Red P\u00fablica ser\u00e1 el proveedor oficial de los servicios m\u00e9dicos hospitalarios durante la celebraci\u00f3n de los Juegos, asegurando est\u00e1ndares de calidad y capacidad de respuesta ante cualquier eventualidad.<\/p>\n<p>Durante el encuentro, tambi\u00e9n se abord\u00f3 la propuesta presentada por el ministro de Deportes, orientada a la creaci\u00f3n de un centro de medicina deportiva y rehabilitaci\u00f3n en cooperaci\u00f3n con el Comit\u00e9 Ol\u00edmpico Dominicano. Esta iniciativa contribuir\u00eda al desarrollo integral de los atletas de alto rendimiento en el pa\u00eds.<\/p>\n","protected":false},"excerpt":{"rendered":"<p>Santo Domingo, RD.-. El director ejecutivo del Servicio Nacional de Salud (SNS), doctor Julio Landr\u00f3n, sostuvo un encuentro de trabajo con el ministro de Deportes, Kelvin Cruz, y el presidente del Comit\u00e9 Ol\u00edmpico Dominicano, Garibaldy Bautista, en el que se abordaron aspectos estrat\u00e9gicos relacionados con la cobertura sanitaria de los XXV Juegos Centroamericanos y del [&hellip;]<\/p>\n","protected":false},"author":1,"featured_media":21569,"comment_status":"closed","ping_status":"closed","sticky":false,"template":"","format":"standard","meta":{"_monsterinsights_skip_tracking":false,"_monsterinsights_sitenote_active":false,"_monsterinsights_sitenote_note":"","_monsterinsights_sitenote_category":0,"_jetpack_memberships_contains_paid_content":false,"footnotes":""},"categories":[182],"tags":[],"class_list":["post-21568","post","type-post","status-publish","format-standard","has-post-thumbnail","hentry","category-deportes"],"jetpack_featured_media_url":"https:\/\/opinionvertical.com\/wp-content\/uploads\/2026\/04\/julio-landron-destaca-avances-en-planificacion-sanitaria-para-juegos-del-caribe-2026.jpg","jetpack_sharing_enabled":true,"_links":{"self":[{"href":"https:\/\/opinionvertical.com\/index.php?rest_route=\/wp\/v2\/posts\/21568","targetHints":{"allow":["GET"]}}],"collection":[{"href":"https:\/\/opinionvertical.com\/index.php?rest_route=\/wp\/v2\/posts"}],"about":[{"href":"https:\/\/opinionvertical.com\/index.php?rest_route=\/wp\/v2\/types\/post"}],"author":[{"embeddable":true,"href":"https:\/\/opinionvertical.com\/index.php?rest_route=\/wp\/v2\/users\/1"}],"replies":[{"embeddable":true,"href":"https:\/\/opinionvertical.com\/index.php?rest_route=%2Fwp%2Fv2%2Fcomments&post=21568"}],"version-history":[{"count":0,"href":"https:\/\/opinionvertical.com\/index.php?rest_route=\/wp\/v2\/posts\/21568\/revisions"}],"wp:featuredmedia":[{"embeddable":true,"href":"https:\/\/opinionvertical.com\/index.php?rest_route=\/wp\/v2\/media\/21569"}],"wp:attachment":[{"href":"https:\/\/opinionvertical.com\/index.php?rest_route=%2Fwp%2Fv2%2Fmedia&parent=21568"}],"wp:term":[{"taxonomy":"category","embeddable":true,"href":"https:\/\/opinionvertical.com\/index.php?rest_route=%2Fwp%2Fv2%2Fcategories&post=21568"},{"taxonomy":"post_tag","embeddable":true,"href":"https:\/\/opinionvertical.com\/index.php?rest_route=%2Fwp%2Fv2%2Ftags&post=21568"}],"curies":[{"name":"wp","href":"https:\/\/api.w.org\/{rel}","templated":true}]}}