{"id":21590,"date":"2026-04-30T20:13:08","date_gmt":"2026-04-30T20:13:08","guid":{"rendered":"https:\/\/7dias.com.do\/?p=532389"},"modified":"2026-04-30T20:13:08","modified_gmt":"2026-04-30T20:13:08","slug":"policia-nacional-confisca-arma-casera-y-detiene-a-sospechoso-en-operativo-en-la-vega","status":"publish","type":"post","link":"https:\/\/opinionvertical.com\/?p=21590","title":{"rendered":"Polic\u00eda Nacional confisca arma casera y detiene a sospechoso en operativo en la Vega"},"content":{"rendered":"<div><img decoding=\"async\" src=\"https:\/\/7dias.com.do\/wp-content\/uploads\/2026\/04\/WhatsApp-Image-2026-04-30-at-2.14.54-PM.jpeg\" class=\"ff-og-image-inserted\"><\/div>\n<p>Santo Domingo, RD.-. Miembros de la Subdirecci\u00f3n Regional de Inteligencia (DINTEL) de la Polic\u00eda Nacional incautaron un arma de fabricaci\u00f3n casera tipo escopeta, ocho cartuchos de calibre 12 mm y un arma blanca durante un operativo focalizado realizado en el sector Guaco de esta ciudad de La Vega.<\/p>\n<p>Durante la intervenci\u00f3n, fue detenido Jos\u00e9 Joel D\u00edaz Veloz, de 32 a\u00f1os, a quien se le confisc\u00f3 un arma de fuego artesanal y los cartuchos al momento de ser requisado en las proximidades del lugar.<\/p>\n<p>Adem\u00e1s, en la zona se encontr\u00f3 un machete abandonado, mientras varias personas emprendieron la huida al notar la presencia policial.<\/p>\n<p>El detenido y lo incautado ser\u00e1n puestos a disposici\u00f3n de la justicia.<\/p>\n","protected":false},"excerpt":{"rendered":"<p>Santo Domingo, RD.-. Miembros de la Subdirecci\u00f3n Regional de Inteligencia (DINTEL) de la Polic\u00eda Nacional incautaron un arma de fabricaci\u00f3n casera tipo escopeta, ocho cartuchos de calibre 12 mm y un arma blanca durante un operativo focalizado realizado en el sector Guaco de esta ciudad de La Vega. Durante la intervenci\u00f3n, fue detenido Jos\u00e9 Joel [&hellip;]<\/p>\n","protected":false},"author":1,"featured_media":21591,"comment_status":"closed","ping_status":"closed","sticky":false,"template":"","format":"standard","meta":{"_monsterinsights_skip_tracking":false,"_monsterinsights_sitenote_active":false,"_monsterinsights_sitenote_note":"","_monsterinsights_sitenote_category":0,"_jetpack_memberships_contains_paid_content":false,"footnotes":""},"categories":[175],"tags":[],"class_list":["post-21590","post","type-post","status-publish","format-standard","has-post-thumbnail","hentry","category-nacionales"],"jetpack_featured_media_url":"https:\/\/opinionvertical.com\/wp-content\/uploads\/2026\/04\/policia-nacional-confisca-arma-casera-y-detiene-a-sospechoso-en-operativo-en-la-vega.jpg","jetpack_sharing_enabled":true,"_links":{"self":[{"href":"https:\/\/opinionvertical.com\/index.php?rest_route=\/wp\/v2\/posts\/21590","targetHints":{"allow":["GET"]}}],"collection":[{"href":"https:\/\/opinionvertical.com\/index.php?rest_route=\/wp\/v2\/posts"}],"about":[{"href":"https:\/\/opinionvertical.com\/index.php?rest_route=\/wp\/v2\/types\/post"}],"author":[{"embeddable":true,"href":"https:\/\/opinionvertical.com\/index.php?rest_route=\/wp\/v2\/users\/1"}],"replies":[{"embeddable":true,"href":"https:\/\/opinionvertical.com\/index.php?rest_route=%2Fwp%2Fv2%2Fcomments&post=21590"}],"version-history":[{"count":0,"href":"https:\/\/opinionvertical.com\/index.php?rest_route=\/wp\/v2\/posts\/21590\/revisions"}],"wp:featuredmedia":[{"embeddable":true,"href":"https:\/\/opinionvertical.com\/index.php?rest_route=\/wp\/v2\/media\/21591"}],"wp:attachment":[{"href":"https:\/\/opinionvertical.com\/index.php?rest_route=%2Fwp%2Fv2%2Fmedia&parent=21590"}],"wp:term":[{"taxonomy":"category","embeddable":true,"href":"https:\/\/opinionvertical.com\/index.php?rest_route=%2Fwp%2Fv2%2Fcategories&post=21590"},{"taxonomy":"post_tag","embeddable":true,"href":"https:\/\/opinionvertical.com\/index.php?rest_route=%2Fwp%2Fv2%2Ftags&post=21590"}],"curies":[{"name":"wp","href":"https:\/\/api.w.org\/{rel}","templated":true}]}}