{"id":21592,"date":"2026-04-30T20:13:10","date_gmt":"2026-04-30T20:13:10","guid":{"rendered":"https:\/\/7dias.com.do\/?p=532384"},"modified":"2026-04-30T20:13:10","modified_gmt":"2026-04-30T20:13:10","slug":"operativo-policial-en-la-vega-detienen-a-hombre-por-posesion-de-presuntas-sustancias-ilicitas","status":"publish","type":"post","link":"https:\/\/opinionvertical.com\/?p=21592","title":{"rendered":"Operativo policial en la Vega: detienen a hombre por posesi\u00f3n de presuntas sustancias il\u00edcitas"},"content":{"rendered":"<div><img decoding=\"async\" src=\"https:\/\/7dias.com.do\/wp-content\/uploads\/2026\/04\/WhatsApp-Image-2026-04-30-at-2.13.31-PM.jpeg\" class=\"ff-og-image-inserted\"><\/div>\n<p>La Vega, R.D.-. Miembros de la Subdirecci\u00f3n de Investigaciones Criminales (DICRIM), adscritos a la Direcci\u00f3n Regional de la Polic\u00eda Nacional en La Vega, arrestaron a un hombre durante un operativo preventivo llevado a cabo en distintos sectores de esta ciudad.<\/p>\n<p>El detenido fue identificado como Angelis de Jes\u00fas Garc\u00eda, de 33 a\u00f1os de edad. Se desplazaba a bordo de una motocicleta e intent\u00f3 huir al notar la presencia policial, pero fue interceptado de inmediato por los agentes actuantes.<\/p>\n<p>Durante la requisa, se le encontr\u00f3 un envase de pl\u00e1stico que conten\u00eda 12 porciones de un polvo blanco, presumiblemente coca\u00edna, as\u00ed como 23 porciones de un vegetal verde, presumiblemente marihuana, adem\u00e1s de dinero en efectivo y un tel\u00e9fono celular.<\/p>\n<p>El detenido y lo incautado ser\u00e1n puestos a disposici\u00f3n de la justicia, mientras la Polic\u00eda Nacional mantiene sus acciones preventivas en favor de la seguridad ciudadana.<\/p>\n","protected":false},"excerpt":{"rendered":"<p>La Vega, R.D.-. Miembros de la Subdirecci\u00f3n de Investigaciones Criminales (DICRIM), adscritos a la Direcci\u00f3n Regional de la Polic\u00eda Nacional en La Vega, arrestaron a un hombre durante un operativo preventivo llevado a cabo en distintos sectores de esta ciudad. El detenido fue identificado como Angelis de Jes\u00fas Garc\u00eda, de 33 a\u00f1os de edad. Se [&hellip;]<\/p>\n","protected":false},"author":1,"featured_media":21593,"comment_status":"closed","ping_status":"closed","sticky":false,"template":"","format":"standard","meta":{"_monsterinsights_skip_tracking":false,"_monsterinsights_sitenote_active":false,"_monsterinsights_sitenote_note":"","_monsterinsights_sitenote_category":0,"_jetpack_memberships_contains_paid_content":false,"footnotes":""},"categories":[175],"tags":[],"class_list":["post-21592","post","type-post","status-publish","format-standard","has-post-thumbnail","hentry","category-nacionales"],"jetpack_featured_media_url":"https:\/\/opinionvertical.com\/wp-content\/uploads\/2026\/04\/operativo-policial-en-la-vega-detienen-a-hombre-por-posesion-de-presuntas-sustancias-ilicitas.jpg","jetpack_sharing_enabled":true,"_links":{"self":[{"href":"https:\/\/opinionvertical.com\/index.php?rest_route=\/wp\/v2\/posts\/21592","targetHints":{"allow":["GET"]}}],"collection":[{"href":"https:\/\/opinionvertical.com\/index.php?rest_route=\/wp\/v2\/posts"}],"about":[{"href":"https:\/\/opinionvertical.com\/index.php?rest_route=\/wp\/v2\/types\/post"}],"author":[{"embeddable":true,"href":"https:\/\/opinionvertical.com\/index.php?rest_route=\/wp\/v2\/users\/1"}],"replies":[{"embeddable":true,"href":"https:\/\/opinionvertical.com\/index.php?rest_route=%2Fwp%2Fv2%2Fcomments&post=21592"}],"version-history":[{"count":0,"href":"https:\/\/opinionvertical.com\/index.php?rest_route=\/wp\/v2\/posts\/21592\/revisions"}],"wp:featuredmedia":[{"embeddable":true,"href":"https:\/\/opinionvertical.com\/index.php?rest_route=\/wp\/v2\/media\/21593"}],"wp:attachment":[{"href":"https:\/\/opinionvertical.com\/index.php?rest_route=%2Fwp%2Fv2%2Fmedia&parent=21592"}],"wp:term":[{"taxonomy":"category","embeddable":true,"href":"https:\/\/opinionvertical.com\/index.php?rest_route=%2Fwp%2Fv2%2Fcategories&post=21592"},{"taxonomy":"post_tag","embeddable":true,"href":"https:\/\/opinionvertical.com\/index.php?rest_route=%2Fwp%2Fv2%2Ftags&post=21592"}],"curies":[{"name":"wp","href":"https:\/\/api.w.org\/{rel}","templated":true}]}}