{"id":21605,"date":"2026-04-30T21:03:59","date_gmt":"2026-04-30T21:03:59","guid":{"rendered":"https:\/\/7dias.com.do\/?p=532400"},"modified":"2026-04-30T21:03:59","modified_gmt":"2026-04-30T21:03:59","slug":"zoraima-cuello-senala-ineficacia-de-planes-de-desarrollo-en-comunidades-dominicanas","status":"publish","type":"post","link":"https:\/\/opinionvertical.com\/?p=21605","title":{"rendered":"Zoraima Cuello se\u00f1ala ineficacia de planes de desarrollo en comunidades Dominicanas"},"content":{"rendered":"<div><img decoding=\"async\" src=\"https:\/\/7dias.com.do\/wp-content\/uploads\/2026\/04\/WhatsApp-Image-2026-04-30-at-3.48.08-PM.jpeg\" class=\"ff-og-image-inserted\"><\/div>\n<p>Santo Domingo, RD.-. Zoraima Cuello denuncia la creaci\u00f3n de innumerables comisiones, gabinetes, instituciones e incluso ministerios, mientras persisten los mismos problemas comunitarios.<\/p>\n<p>Han pasado casi seis a\u00f1os y, hasta el d\u00eda de hoy, tenemos m\u00e1s de 50 nuevas comisiones, gabinetes, instituciones, dos nuevos ministerios y m\u00e1s de 100 mil nuevos empleados en la n\u00f3mina p\u00fablica; sin embargo, las comunidades contin\u00faan enfrentando los mismos problemas.<\/p>\n<p>La observaci\u00f3n fue hecha por Zoraima Cuello, vicepresidenta del Partido de la Liberaci\u00f3n Dominicana, quien a\u00f1adi\u00f3 que en las comunidades persiste la misma problem\u00e1tica de falta de agua potable, electricidad y oportunidades de empleo.<\/p>\n<p>\u00abLo que observamos es la creaci\u00f3n de una nueva comisi\u00f3n adicional que duplica una ya existente, ya que en 2022 se hab\u00eda establecido el plan de desarrollo de San Juan de la Maguana con el objetivo de mejorar esa comunidad\u00bb, explic\u00f3 Cuello en un video en sus cuentas de redes sociales.<\/p>\n<p>En su testimonio, explic\u00f3 que, cuatro a\u00f1os despu\u00e9s, el resultado no se ve; sin embargo, se ha emitido un nuevo decreto que crea una comisi\u00f3n con un director ejecutivo, aunque esta ya hab\u00eda sido creada en 2022.<\/p>\n<p>Y la pregunta es: \u00bfy las dem\u00e1s comunidades? El\u00edas Pi\u00f1a, San Crist\u00f3bal, La Romana, San Francisco de Macor\u00eds y todo el territorio nacional, \u00bfd\u00f3nde est\u00e1n sus planes? \u00bfCu\u00e1les son los resultados? Quiero preguntarte: \u00bfc\u00f3mo est\u00e1 tu comunidad? \u00bfHa mejorado? \u00bfHa empeorado? \u00bfO sigue igual?\u201d, pregunt\u00f3 Cuello.<\/p>\n","protected":false},"excerpt":{"rendered":"<p>Santo Domingo, RD.-. Zoraima Cuello denuncia la creaci\u00f3n de innumerables comisiones, gabinetes, instituciones e incluso ministerios, mientras persisten los mismos problemas comunitarios. Han pasado casi seis a\u00f1os y, hasta el d\u00eda de hoy, tenemos m\u00e1s de 50 nuevas comisiones, gabinetes, instituciones, dos nuevos ministerios y m\u00e1s de 100 mil nuevos empleados en la n\u00f3mina p\u00fablica; [&hellip;]<\/p>\n","protected":false},"author":1,"featured_media":21606,"comment_status":"closed","ping_status":"closed","sticky":false,"template":"","format":"standard","meta":{"_monsterinsights_skip_tracking":false,"_monsterinsights_sitenote_active":false,"_monsterinsights_sitenote_note":"","_monsterinsights_sitenote_category":0,"_jetpack_memberships_contains_paid_content":false,"footnotes":""},"categories":[1],"tags":[],"class_list":["post-21605","post","type-post","status-publish","format-standard","has-post-thumbnail","hentry","category-uncategorized"],"jetpack_featured_media_url":"https:\/\/opinionvertical.com\/wp-content\/uploads\/2026\/04\/zoraima-cuello-senala-ineficacia-de-planes-de-desarrollo-en-comunidades-dominicanas.jpg","jetpack_sharing_enabled":true,"_links":{"self":[{"href":"https:\/\/opinionvertical.com\/index.php?rest_route=\/wp\/v2\/posts\/21605","targetHints":{"allow":["GET"]}}],"collection":[{"href":"https:\/\/opinionvertical.com\/index.php?rest_route=\/wp\/v2\/posts"}],"about":[{"href":"https:\/\/opinionvertical.com\/index.php?rest_route=\/wp\/v2\/types\/post"}],"author":[{"embeddable":true,"href":"https:\/\/opinionvertical.com\/index.php?rest_route=\/wp\/v2\/users\/1"}],"replies":[{"embeddable":true,"href":"https:\/\/opinionvertical.com\/index.php?rest_route=%2Fwp%2Fv2%2Fcomments&post=21605"}],"version-history":[{"count":0,"href":"https:\/\/opinionvertical.com\/index.php?rest_route=\/wp\/v2\/posts\/21605\/revisions"}],"wp:featuredmedia":[{"embeddable":true,"href":"https:\/\/opinionvertical.com\/index.php?rest_route=\/wp\/v2\/media\/21606"}],"wp:attachment":[{"href":"https:\/\/opinionvertical.com\/index.php?rest_route=%2Fwp%2Fv2%2Fmedia&parent=21605"}],"wp:term":[{"taxonomy":"category","embeddable":true,"href":"https:\/\/opinionvertical.com\/index.php?rest_route=%2Fwp%2Fv2%2Fcategories&post=21605"},{"taxonomy":"post_tag","embeddable":true,"href":"https:\/\/opinionvertical.com\/index.php?rest_route=%2Fwp%2Fv2%2Ftags&post=21605"}],"curies":[{"name":"wp","href":"https:\/\/api.w.org\/{rel}","templated":true}]}}