{"id":21631,"date":"2026-04-30T23:05:35","date_gmt":"2026-04-30T23:05:35","guid":{"rendered":"https:\/\/7dias.com.do\/?p=532411"},"modified":"2026-04-30T23:05:35","modified_gmt":"2026-04-30T23:05:35","slug":"tribunal-confirma-prision-preventiva-para-santiago-hazim-y-seis-implicados-en-caso-senasa","status":"publish","type":"post","link":"https:\/\/opinionvertical.com\/?p=21631","title":{"rendered":"Tribunal confirma prisi\u00f3n preventiva para Santiago Hazim y seis implicados en caso Senasa"},"content":{"rendered":"<div><img decoding=\"async\" src=\"https:\/\/7dias.com.do\/wp-content\/uploads\/2026\/04\/Revision-Caso-Hazim-Albainy-y-compartes_002-scaled.jpg\" class=\"ff-og-image-inserted\"><\/div>\n<p>Santo Domingo, RD.- El procurador adjunto Wilson Camacho record\u00f3 la gravedad de los delitos cometidos por Santiago Marcelo F. Hazim Albainy y los dem\u00e1s procesados en la red criminal que desfalc\u00f3 miles de millones de pesos al Seguro Nacional de Salud (SeNaSa).<\/p>\n<p>El titular de la Direcci\u00f3n General de Persecuci\u00f3n del Ministerio P\u00fablico afirm\u00f3 que el da\u00f1o causado por los procesados debe ser reparado. Esto lo expres\u00f3 al responder a los periodistas que lo abordaron despu\u00e9s de que un juez del Distrito Nacional ratificara la prisi\u00f3n preventiva impuesta a Hazim Albainy, exdirector del SeNaSa, as\u00ed como a otros seis procesados de la red criminal.<\/p>\n<p>La medida tambi\u00e9n fue confirmada para Gustavo Enrique Messina Cruz, Francisco Iv\u00e1n Minaya P\u00e9rez, Germ\u00e1n Rafael Robles Qui\u00f1ones, Rafael Luis Mart\u00ednez Hazim, Ada Ledesma Ubiera y Ram\u00f3n Alan Speakler Mateo.<\/p>\n<p>Camacho record\u00f3 que para ma\u00f1ana viernes est\u00e1 programada la audiencia de coerci\u00f3n de \u00c1ngel Luis Guzm\u00e1n, quien forma parte de una estructura enfrentada con una de las l\u00edneas de investigaci\u00f3n de la Operaci\u00f3n Cobra.<\/p>\n<p>Afirm\u00f3 que la investigaci\u00f3n ha revelado que el seguro estatal fue \u00abatacado desde varios frentes y estafado por diversas estructuras\u00bb.<\/p>\n<p>\u00abUna de esas estructuras es la que estamos conociendo en este proceso; otra de esas estructuras es la que lidera \u00c1ngel Luis Guzm\u00e1n, a quien le vamos a imponer medidas de coerci\u00f3n el d\u00eda de ma\u00f1ana\u00bb, dijo.<\/p>\n<p>\u00abY les puedo asegurar, aunque no puedo dar detalles, que hay una tercera estructura que tambi\u00e9n afect\u00f3 al Seguro Nacional de Salud. Sin embargo, no puedo proporcionar m\u00e1s informaci\u00f3n para no comprometer la investigaci\u00f3n\u00bb, indic\u00f3.<\/p>\n<p>\u00abComo he mencionado, ha habido varias estructuras que han afectado al Seguro Nacional de Salud; tuvimos una primera versi\u00f3n, vendr\u00e1 una segunda y no descartamos que haya una tercera\u00bb, dijo el director general de Persecuci\u00f3n.<\/p>\n<p>Detall\u00f3 que el juez del S\u00e9ptimo Juzgado del Distrito Nacional, Deiby Timoteo Peguero, ha mantenido las medidas de coerci\u00f3n, consistentes en prisi\u00f3n preventiva, para todos los imputados de este caso de estafa, tal como lo han hecho todos los tribunales que han juzgado este proceso. Desde la primera instancia, que impuso prisi\u00f3n preventiva a cada uno de los imputados, hasta la corte que mantuvo esa medida, este es el quinto juez que considera que lo correcto, lo id\u00f3neo y lo proporcional para cada uno de estos imputados es que se mantengan en prisi\u00f3n preventiva por razones que, adem\u00e1s, son muy obvias.<\/p>\n<p>Afirm\u00f3 que pocos casos de corrupci\u00f3n administrativa en la Rep\u00fablica Dominicana han causado un da\u00f1o tan evidente como el provocado por la estructura que afect\u00f3 gravemente el sistema de salud del pueblo dominicano.<\/p>\n<p>Camacho explic\u00f3 que los alegatos relacionados con temas de salud en el caso de Hazim Albainy, al igual que en el caso de otros imputados, fueron presentados en primera instancia, en la corte y en el proceso que el juez decidi\u00f3 este jueves, y siempre han sido rechazados.<\/p>\n<p>Al presentar sus conclusiones durante la audiencia, el procurador adjunto Wilson Camacho, titular de la Direcci\u00f3n General de Persecuci\u00f3n del Ministerio P\u00fablico, solicit\u00f3 que se ratifique la prisi\u00f3n preventiva que les fue impuesta a los imputados en diciembre del a\u00f1o pasado, 2025.<\/p>\n<p>El pasado 14 de diciembre de 2025, la Oficina Judicial de Servicios de Atenci\u00f3n Permanente del Distrito Nacional impuso prisi\u00f3n preventiva de 18 meses a Hazim Albainy, as\u00ed como a Gustavo Enrique Messina Cruz, Francisco Iv\u00e1n Minaya P\u00e9rez, Germ\u00e1n Rafael Robles Qui\u00f1ones, Rafael Luis Mart\u00ednez Hazim, Ada Ledesma Ubiera y Ram\u00f3n Alan Speakler Mateo.<\/p>\n<p>El procurador adjunto Wilson Camacho encabez\u00f3 el equipo litigante que represent\u00f3 al Ministerio P\u00fablico en la audiencia, junto con la titular de la Procuradur\u00eda Especializada de Persecuci\u00f3n a la Corrupci\u00f3n Administrativa (Pepca), Mirna Ortiz, as\u00ed como los fiscales Emmanuel Ram\u00edrez, Rosa Alba Garc\u00eda, Ernesto Guzm\u00e1n Alberto, Alexis Pi\u00f1a y Yudelka Holgu\u00edn.<\/p>\n<p>El juez program\u00f3 la pr\u00f3xima revisi\u00f3n de la medida para el 30 de julio de 2026.<\/p>\n<p>Por supuesto, estar\u00e9 encantado de ayudarte. Sin embargo, parece que el p\u00e1rrafo que deseas corregir no est\u00e1 completo. Si puedes proporcionarme el texto completo, estar\u00e9 encantado de revisarlo y corregirlo gramaticalmente sin alterar su intenci\u00f3n.<\/p>\n<p>En el proceso judicial iniciado a partir de la Operaci\u00f3n Cobra, tambi\u00e9n se sigue contra los imputados Cinty Acosta Senci\u00f3n, Heidi Mariela Pineda Perdomo y Eduardo Read Estrella, a quienes, el pasado mes de diciembre, les fueron impuestas medidas de coerci\u00f3n consistentes en arresto domiciliario, garant\u00edas econ\u00f3micas e impedimento de salida del pa\u00eds.<\/p>\n<p>Con sus actuaciones, los procesados afectaron a los afiliados del SeNaSa al defraudar a esta administradora de riesgos de salud (ARS) p\u00fablica con miles de millones de pesos.<\/p>\n<p>El entramado criminal fue desmantelado con la Operaci\u00f3n Cobra. Posteriormente, el Ministerio P\u00fablico inici\u00f3 la judicializaci\u00f3n en busca de sanciones penales y el decomiso del dinero sustra\u00eddo del patrimonio p\u00fablico.<\/p>\n<p>Al grupo se le imputan cargos de colusi\u00f3n de funcionarios, prevaricaci\u00f3n, asociaci\u00f3n il\u00edcita, soborno, estafa contra el Estado dominicano, desfalco, falsificaci\u00f3n, uso de documentos falsos y lavado de activos.<\/p>\n<p>Durante el transcurso de la investigaci\u00f3n, el Ministerio P\u00fablico ha logrado recopilar evidencias de soborno a gran escala, adulteraci\u00f3n de estados financieros y programas especiales sin sustento jur\u00eddico, utilizados para desviar fondos, as\u00ed como maniobras fraudulentas.<\/p>\n<p>El \u00f3rgano acusador indic\u00f3 que se trata de un esquema de corrupci\u00f3n sistem\u00e1tico instaurado por el Director Ejecutivo del SeNaSa, en colaboraci\u00f3n con funcionarios de esa ARS y con la participaci\u00f3n, en asociaci\u00f3n criminal, de prestadores de servicios de salud, en perjuicio del Estado dominicano.<\/p>\n","protected":false},"excerpt":{"rendered":"<p>Santo Domingo, RD.- El procurador adjunto Wilson Camacho record\u00f3 la gravedad de los delitos cometidos por Santiago Marcelo F. Hazim Albainy y los dem\u00e1s procesados en la red criminal que desfalc\u00f3 miles de millones de pesos al Seguro Nacional de Salud (SeNaSa). El titular de la Direcci\u00f3n General de Persecuci\u00f3n del Ministerio P\u00fablico afirm\u00f3 que [&hellip;]<\/p>\n","protected":false},"author":1,"featured_media":21632,"comment_status":"closed","ping_status":"closed","sticky":false,"template":"","format":"standard","meta":{"_monsterinsights_skip_tracking":false,"_monsterinsights_sitenote_active":false,"_monsterinsights_sitenote_note":"","_monsterinsights_sitenote_category":0,"_jetpack_memberships_contains_paid_content":false,"footnotes":""},"categories":[175],"tags":[],"class_list":["post-21631","post","type-post","status-publish","format-standard","has-post-thumbnail","hentry","category-nacionales"],"jetpack_featured_media_url":"https:\/\/opinionvertical.com\/wp-content\/uploads\/2026\/04\/tribunal-confirma-prision-preventiva-para-santiago-hazim-y-seis-implicados-en-caso-senasa.jpg","jetpack_sharing_enabled":true,"_links":{"self":[{"href":"https:\/\/opinionvertical.com\/index.php?rest_route=\/wp\/v2\/posts\/21631","targetHints":{"allow":["GET"]}}],"collection":[{"href":"https:\/\/opinionvertical.com\/index.php?rest_route=\/wp\/v2\/posts"}],"about":[{"href":"https:\/\/opinionvertical.com\/index.php?rest_route=\/wp\/v2\/types\/post"}],"author":[{"embeddable":true,"href":"https:\/\/opinionvertical.com\/index.php?rest_route=\/wp\/v2\/users\/1"}],"replies":[{"embeddable":true,"href":"https:\/\/opinionvertical.com\/index.php?rest_route=%2Fwp%2Fv2%2Fcomments&post=21631"}],"version-history":[{"count":0,"href":"https:\/\/opinionvertical.com\/index.php?rest_route=\/wp\/v2\/posts\/21631\/revisions"}],"wp:featuredmedia":[{"embeddable":true,"href":"https:\/\/opinionvertical.com\/index.php?rest_route=\/wp\/v2\/media\/21632"}],"wp:attachment":[{"href":"https:\/\/opinionvertical.com\/index.php?rest_route=%2Fwp%2Fv2%2Fmedia&parent=21631"}],"wp:term":[{"taxonomy":"category","embeddable":true,"href":"https:\/\/opinionvertical.com\/index.php?rest_route=%2Fwp%2Fv2%2Fcategories&post=21631"},{"taxonomy":"post_tag","embeddable":true,"href":"https:\/\/opinionvertical.com\/index.php?rest_route=%2Fwp%2Fv2%2Ftags&post=21631"}],"curies":[{"name":"wp","href":"https:\/\/api.w.org\/{rel}","templated":true}]}}