{"id":21633,"date":"2026-04-30T23:05:39","date_gmt":"2026-04-30T23:05:39","guid":{"rendered":"https:\/\/7dias.com.do\/?p=532405"},"modified":"2026-04-30T23:05:39","modified_gmt":"2026-04-30T23:05:39","slug":"el-frente-amplio-y-alianza-pais-se-unen-por-el-respeto-a-los-derechos-laborales-y-una-seguridad-social-digna","status":"publish","type":"post","link":"https:\/\/opinionvertical.com\/?p=21633","title":{"rendered":"El frente Amplio y Alianza Pa\u00eds se unen por el respeto a los derechos laborales y una seguridad social digna"},"content":{"rendered":"<div><img decoding=\"async\" src=\"https:\/\/7dias.com.do\/wp-content\/uploads\/2026\/04\/Maria-T-y-Pedro-M.jpeg\" class=\"ff-og-image-inserted\"><\/div>\n<p>Santo Domingo, RD.- Las organizaciones pol\u00edticas Frente Amplio y Alianza Pa\u00eds convocaron a la ciudadan\u00eda, a los movimientos sociales y a las organizaciones patri\u00f3ticas y progresistas al acto \u201cHomenaje a Mauricio B\u00e1ez: por el respeto de los derechos de los trabajadores y la reforma integral de la seguridad social\u201d, que se celebrar\u00e1 el pr\u00f3ximo lunes 4 de mayo de 2026.<\/p>\n<p>La actividad tiene como objetivo honrar la memoria y el legado de Mauricio B\u00e1ez, un reconocido dirigente sindical comprometido con la defensa de los derechos de la clase trabajadora, al mismo tiempo que busca generar conciencia sobre la necesidad de avanzar hacia una reforma integral del sistema de seguridad social.<\/p>\n<p>El acto se llevar\u00e1 a cabo a las 10:00 de la ma\u00f1ana en el busto de Mauricio B\u00e1ez, situado en la avenida San Mart\u00edn.<\/p>\n<p>Los partidos pol\u00edticos convocantes reiteraron su compromiso con la construcci\u00f3n de una sociedad m\u00e1s justa, equitativa y solidaria, y hicieron un llamado a los distintos sectores nacionales para que participen en esta actividad.<\/p>\n","protected":false},"excerpt":{"rendered":"<p>Santo Domingo, RD.- Las organizaciones pol\u00edticas Frente Amplio y Alianza Pa\u00eds convocaron a la ciudadan\u00eda, a los movimientos sociales y a las organizaciones patri\u00f3ticas y progresistas al acto \u201cHomenaje a Mauricio B\u00e1ez: por el respeto de los derechos de los trabajadores y la reforma integral de la seguridad social\u201d, que se celebrar\u00e1 el pr\u00f3ximo lunes [&hellip;]<\/p>\n","protected":false},"author":1,"featured_media":21634,"comment_status":"closed","ping_status":"closed","sticky":false,"template":"","format":"standard","meta":{"_monsterinsights_skip_tracking":false,"_monsterinsights_sitenote_active":false,"_monsterinsights_sitenote_note":"","_monsterinsights_sitenote_category":0,"_jetpack_memberships_contains_paid_content":false,"footnotes":""},"categories":[177],"tags":[],"class_list":["post-21633","post","type-post","status-publish","format-standard","has-post-thumbnail","hentry","category-politica"],"jetpack_featured_media_url":"https:\/\/opinionvertical.com\/wp-content\/uploads\/2026\/04\/el-frente-amplio-y-alianza-pais-se-unen-por-el-respeto-a-los-derechos-laborales-y-una-seguridad-social-digna.jpg","jetpack_sharing_enabled":true,"_links":{"self":[{"href":"https:\/\/opinionvertical.com\/index.php?rest_route=\/wp\/v2\/posts\/21633","targetHints":{"allow":["GET"]}}],"collection":[{"href":"https:\/\/opinionvertical.com\/index.php?rest_route=\/wp\/v2\/posts"}],"about":[{"href":"https:\/\/opinionvertical.com\/index.php?rest_route=\/wp\/v2\/types\/post"}],"author":[{"embeddable":true,"href":"https:\/\/opinionvertical.com\/index.php?rest_route=\/wp\/v2\/users\/1"}],"replies":[{"embeddable":true,"href":"https:\/\/opinionvertical.com\/index.php?rest_route=%2Fwp%2Fv2%2Fcomments&post=21633"}],"version-history":[{"count":0,"href":"https:\/\/opinionvertical.com\/index.php?rest_route=\/wp\/v2\/posts\/21633\/revisions"}],"wp:featuredmedia":[{"embeddable":true,"href":"https:\/\/opinionvertical.com\/index.php?rest_route=\/wp\/v2\/media\/21634"}],"wp:attachment":[{"href":"https:\/\/opinionvertical.com\/index.php?rest_route=%2Fwp%2Fv2%2Fmedia&parent=21633"}],"wp:term":[{"taxonomy":"category","embeddable":true,"href":"https:\/\/opinionvertical.com\/index.php?rest_route=%2Fwp%2Fv2%2Fcategories&post=21633"},{"taxonomy":"post_tag","embeddable":true,"href":"https:\/\/opinionvertical.com\/index.php?rest_route=%2Fwp%2Fv2%2Ftags&post=21633"}],"curies":[{"name":"wp","href":"https:\/\/api.w.org\/{rel}","templated":true}]}}