{"id":21651,"date":"2026-05-01T00:23:46","date_gmt":"2026-05-01T00:23:46","guid":{"rendered":"https:\/\/7dias.com.do\/?p=532434"},"modified":"2026-05-01T00:23:46","modified_gmt":"2026-05-01T00:23:46","slug":"gobierno-anuncia-nuevas-medidas-para-enfrentar-el-impacto-de-la-crisis-en-medio-oriente-sobre-la-economia-dominicana","status":"publish","type":"post","link":"https:\/\/opinionvertical.com\/?p=21651","title":{"rendered":"Gobierno anuncia nuevas medidas para enfrentar el impacto de la crisis en Medio Oriente sobre la econom\u00eda dominicana"},"content":{"rendered":"<div><img decoding=\"async\" src=\"https:\/\/7dias.com.do\/wp-content\/uploads\/2026\/04\/WhatsApp-Image-2026-04-30-at-8.00.46-PM-scaled.jpeg\" class=\"ff-og-image-inserted\"><\/div>\n<p>Santo Domingo, RD.- El presidente Luis Abinader y la vicepresidenta Raquel Pe\u00f1a encabezaron este jueves el quincuag\u00e9simo s\u00e9ptimo Consejo de Ministros, celebrado en el Palacio Nacional, con el objetivo de dar seguimiento al plan gubernamental para enfrentar el impacto de la crisis en Medio Oriente sobre la econom\u00eda dominicana.<\/p>\n<p>Jos\u00e9 Rijo Presbot, director general de Presupuesto, explic\u00f3 que el Gobierno ha implementado una serie de medidas para contener y eficientizar el gasto p\u00fablico, con el objetivo de generar una disponibilidad cercana a RD$40,000 millones. Esto se har\u00e1 respetando todos los compromisos ya formalizados bajo contrato, mientras que las apropiaciones presupuestarias que a\u00fan no est\u00e9n comprometidas ser\u00e1n sometidas a revisi\u00f3n, ajuste o reducci\u00f3n seg\u00fan las prioridades nacionales.<\/p>\n<p>Detall\u00f3 que estas acciones incluyen la reducci\u00f3n de gastos operativos, la contenci\u00f3n en la adquisici\u00f3n de veh\u00edculos, con excepci\u00f3n de \u00e1reas prioritarias como asistencia social y seguridad alimentaria; la disminuci\u00f3n de reparaciones y mantenimientos menores; la racionalizaci\u00f3n de servicios y contrataciones; la limitaci\u00f3n de eventos a costos m\u00ednimos; ajustes en textiles, vestuario, vi\u00e1ticos y pasajes; la racionalizaci\u00f3n de combustible y publicidad; y la reducci\u00f3n del 50% del presupuesto a los partidos pol\u00edticos, entre otros. Adem\u00e1s, se contempla una reducci\u00f3n verificable de transferencias corrientes a organismos aut\u00f3nomos, descentralizados y empresas p\u00fablicas con capacidad de generar sus propios recursos.<\/p>\n<p>Presbot destac\u00f3 que estas decisiones responden a la necesidad de posponer temporalmente todo gasto no prioritario, con el prop\u00f3sito de fortalecer la capacidad de respuesta del Estado ante el contexto internacional, preservar la estabilidad econ\u00f3mica y asegurar que los recursos p\u00fablicos se concentren en proteger a los sectores m\u00e1s vulnerables y mantener el dinamismo del pa\u00eds.<\/p>\n<p>Por otro lado, el ministro de la Presidencia, Jos\u00e9 Ignacio Paliza, explic\u00f3 que el pa\u00eds enfrenta un choque externo, cuyo principal canal de transmisi\u00f3n para econom\u00edas como la dominicana es el aumento en los precios internacionales del petr\u00f3leo. Esto genera presiones directas sobre la inflaci\u00f3n y el costo de vida. En ese sentido, destac\u00f3 que cada aumento sostenido de US$10 por barril implica alrededor de US$763 millones adicionales en la factura petrolera anual de la Rep\u00fablica Dominicana, lo que incrementa las presiones fiscales y los costos asociados a los subsidios.<\/p>\n<p>Asimismo, resalt\u00f3 que, a pesar del contexto internacional, la Rep\u00fablica Dominicana ha logrado contener el impacto mejor que la mayor\u00eda de los pa\u00edses de la regi\u00f3n, gracias a las medidas adoptadas para proteger a las familias dominicanas. No obstante, advirti\u00f3 que estos esfuerzos implican un costo fiscal significativo, por lo que deben manejarse con prudencia y sostenibilidad.<\/p>\n<p>Mientras que el ministro de Hacienda y Econom\u00eda, Mag\u00edn D\u00edaz, afirm\u00f3 que la Rep\u00fablica Dominicana enfrenta uno de los mayores choques de precios de su historia reciente, provocado por un aumento de m\u00e1s del 80 % en el precio del petr\u00f3leo, asegur\u00f3 que el Gobierno ha centrado su estrategia en tres objetivos esenciales: preservar la estabilidad macroecon\u00f3mica, fiscal y social; mitigar el impacto sobre los alimentos, la canasta b\u00e1sica y los insumos agropecuarios; y sostener la inversi\u00f3n p\u00fablica. Esto se apoya en reservas internacionales superiores a US$16,000 millones, estabilidad cambiaria, crecimiento econ\u00f3mico, fortalecimiento de los programas sociales y una pol\u00edtica de austeridad orientada a proteger a la poblaci\u00f3n m\u00e1s vulnerable.<\/p>\n","protected":false},"excerpt":{"rendered":"<p>Santo Domingo, RD.- El presidente Luis Abinader y la vicepresidenta Raquel Pe\u00f1a encabezaron este jueves el quincuag\u00e9simo s\u00e9ptimo Consejo de Ministros, celebrado en el Palacio Nacional, con el objetivo de dar seguimiento al plan gubernamental para enfrentar el impacto de la crisis en Medio Oriente sobre la econom\u00eda dominicana. Jos\u00e9 Rijo Presbot, director general de [&hellip;]<\/p>\n","protected":false},"author":1,"featured_media":21652,"comment_status":"closed","ping_status":"closed","sticky":false,"template":"","format":"standard","meta":{"_monsterinsights_skip_tracking":false,"_monsterinsights_sitenote_active":false,"_monsterinsights_sitenote_note":"","_monsterinsights_sitenote_category":0,"_jetpack_memberships_contains_paid_content":false,"footnotes":""},"categories":[175],"tags":[],"class_list":["post-21651","post","type-post","status-publish","format-standard","has-post-thumbnail","hentry","category-nacionales"],"jetpack_featured_media_url":"https:\/\/opinionvertical.com\/wp-content\/uploads\/2026\/05\/gobierno-anuncia-nuevas-medidas-para-enfrentar-el-impacto-de-la-crisis-en-medio-oriente-sobre-la-economia-dominicana.jpg","jetpack_sharing_enabled":true,"_links":{"self":[{"href":"https:\/\/opinionvertical.com\/index.php?rest_route=\/wp\/v2\/posts\/21651","targetHints":{"allow":["GET"]}}],"collection":[{"href":"https:\/\/opinionvertical.com\/index.php?rest_route=\/wp\/v2\/posts"}],"about":[{"href":"https:\/\/opinionvertical.com\/index.php?rest_route=\/wp\/v2\/types\/post"}],"author":[{"embeddable":true,"href":"https:\/\/opinionvertical.com\/index.php?rest_route=\/wp\/v2\/users\/1"}],"replies":[{"embeddable":true,"href":"https:\/\/opinionvertical.com\/index.php?rest_route=%2Fwp%2Fv2%2Fcomments&post=21651"}],"version-history":[{"count":0,"href":"https:\/\/opinionvertical.com\/index.php?rest_route=\/wp\/v2\/posts\/21651\/revisions"}],"wp:featuredmedia":[{"embeddable":true,"href":"https:\/\/opinionvertical.com\/index.php?rest_route=\/wp\/v2\/media\/21652"}],"wp:attachment":[{"href":"https:\/\/opinionvertical.com\/index.php?rest_route=%2Fwp%2Fv2%2Fmedia&parent=21651"}],"wp:term":[{"taxonomy":"category","embeddable":true,"href":"https:\/\/opinionvertical.com\/index.php?rest_route=%2Fwp%2Fv2%2Fcategories&post=21651"},{"taxonomy":"post_tag","embeddable":true,"href":"https:\/\/opinionvertical.com\/index.php?rest_route=%2Fwp%2Fv2%2Ftags&post=21651"}],"curies":[{"name":"wp","href":"https:\/\/api.w.org\/{rel}","templated":true}]}}