{"id":22208,"date":"2026-05-01T21:22:52","date_gmt":"2026-05-01T21:22:52","guid":{"rendered":"https:\/\/7dias.com.do\/?p=532777"},"modified":"2026-05-01T21:22:52","modified_gmt":"2026-05-01T21:22:52","slug":"nuevo-directorio-juridico-gubernamental-acceso-directo-a-las-areas-legales-del-sector-publico-en-republica-dominicana","status":"publish","type":"post","link":"https:\/\/opinionvertical.com\/?p=22208","title":{"rendered":"Nuevo directorio jur\u00eddico gubernamental: acceso directo a las \u00e1reas legales del sector p\u00fablico en Rep\u00fablica Dominicana"},"content":{"rendered":"<div><img decoding=\"async\" src=\"https:\/\/7dias.com.do\/wp-content\/uploads\/2026\/05\/WhatsApp-Image-2026-05-01-at-4.45.19-PM-1-scaled.jpeg\" class=\"ff-og-image-inserted\"><\/div>\n<p><em>Santo Domingo<\/em>, RD.- La Consultor\u00eda Jur\u00eddica del Poder Ejecutivo, como parte de su compromiso con la transparencia y el acceso a la informaci\u00f3n p\u00fablica, present\u00f3 el Directorio Jur\u00eddico Gubernamental, disponible en la p\u00e1gina web www.consultoria.gov.do.<\/p>\n<p>Esta herramienta recopila los datos de contacto de 112 direcciones jur\u00eddicas del sector p\u00fablico, lo que permite identificar a los responsables legales de cada instituci\u00f3n.<\/p>\n<p>El directorio contiene informaci\u00f3n estructurada que incluye el nombre de la instituci\u00f3n, el titular de la direcci\u00f3n jur\u00eddica, la denominaci\u00f3n del cargo, el correo electr\u00f3nico institucional, as\u00ed como el nombre y el tel\u00e9fono de su asistente. Este instrumento facilita el acceso a canales de comunicaci\u00f3n formales y promueve una interacci\u00f3n directa con las entidades del Estado.<\/p>\n<p>Asimismo, facilita un contacto directo con las \u00e1reas jur\u00eddicas del Estado y refuerza el compromiso con el servicio p\u00fablico, fortaleciendo la apertura institucional como medio para consolidar una cultura de servicio orientada a la ciudadan\u00eda.<\/p>\n<p>Esta iniciativa fue impulsada por la Consultor\u00eda Jur\u00eddica del Poder Ejecutivo en su calidad de \u00f3rgano rector de la coordinaci\u00f3n jur\u00eddica del Estado, conforme a lo dispuesto en la Ley n\u00fam. 247-12, Org\u00e1nica de la Administraci\u00f3n P\u00fablica.<\/p>\n","protected":false},"excerpt":{"rendered":"<p>Santo Domingo, RD.- La Consultor\u00eda Jur\u00eddica del Poder Ejecutivo, como parte de su compromiso con la transparencia y el acceso a la informaci\u00f3n p\u00fablica, present\u00f3 el Directorio Jur\u00eddico Gubernamental, disponible en la p\u00e1gina web www.consultoria.gov.do. Esta herramienta recopila los datos de contacto de 112 direcciones jur\u00eddicas del sector p\u00fablico, lo que permite identificar a los [&hellip;]<\/p>\n","protected":false},"author":1,"featured_media":22209,"comment_status":"closed","ping_status":"closed","sticky":false,"template":"","format":"standard","meta":{"_monsterinsights_skip_tracking":false,"_monsterinsights_sitenote_active":false,"_monsterinsights_sitenote_note":"","_monsterinsights_sitenote_category":0,"_jetpack_memberships_contains_paid_content":false,"footnotes":""},"categories":[177],"tags":[],"class_list":["post-22208","post","type-post","status-publish","format-standard","has-post-thumbnail","hentry","category-politica"],"jetpack_featured_media_url":"https:\/\/opinionvertical.com\/wp-content\/uploads\/2026\/05\/nuevo-directorio-juridico-gubernamental-acceso-directo-a-las-areas-legales-del-sector-publico-en-republica-dominicana.jpg","jetpack_sharing_enabled":true,"_links":{"self":[{"href":"https:\/\/opinionvertical.com\/index.php?rest_route=\/wp\/v2\/posts\/22208","targetHints":{"allow":["GET"]}}],"collection":[{"href":"https:\/\/opinionvertical.com\/index.php?rest_route=\/wp\/v2\/posts"}],"about":[{"href":"https:\/\/opinionvertical.com\/index.php?rest_route=\/wp\/v2\/types\/post"}],"author":[{"embeddable":true,"href":"https:\/\/opinionvertical.com\/index.php?rest_route=\/wp\/v2\/users\/1"}],"replies":[{"embeddable":true,"href":"https:\/\/opinionvertical.com\/index.php?rest_route=%2Fwp%2Fv2%2Fcomments&post=22208"}],"version-history":[{"count":0,"href":"https:\/\/opinionvertical.com\/index.php?rest_route=\/wp\/v2\/posts\/22208\/revisions"}],"wp:featuredmedia":[{"embeddable":true,"href":"https:\/\/opinionvertical.com\/index.php?rest_route=\/wp\/v2\/media\/22209"}],"wp:attachment":[{"href":"https:\/\/opinionvertical.com\/index.php?rest_route=%2Fwp%2Fv2%2Fmedia&parent=22208"}],"wp:term":[{"taxonomy":"category","embeddable":true,"href":"https:\/\/opinionvertical.com\/index.php?rest_route=%2Fwp%2Fv2%2Fcategories&post=22208"},{"taxonomy":"post_tag","embeddable":true,"href":"https:\/\/opinionvertical.com\/index.php?rest_route=%2Fwp%2Fv2%2Ftags&post=22208"}],"curies":[{"name":"wp","href":"https:\/\/api.w.org\/{rel}","templated":true}]}}