{"id":22233,"date":"2026-05-01T22:22:01","date_gmt":"2026-05-01T22:22:01","guid":{"rendered":"https:\/\/7dias.com.do\/?p=532802"},"modified":"2026-05-01T22:22:01","modified_gmt":"2026-05-01T22:22:01","slug":"republica-dominicana-reafirma-su-compromiso-multilateral-con-un-aporte-de-us10-millones-al-fondo-para-haiti","status":"publish","type":"post","link":"https:\/\/opinionvertical.com\/?p=22233","title":{"rendered":"Rep\u00fablica dominicana reafirma su compromiso multilateral con un aporte de US$10 millones al fondo para hait\u00ed"},"content":{"rendered":"<div><img decoding=\"async\" src=\"https:\/\/7dias.com.do\/wp-content\/uploads\/2026\/05\/WhatsApp-Image-2026-05-01-at-4.11.04-PM.jpeg\" class=\"ff-og-image-inserted\"><\/div>\n<p>Santo Domingo, RD.-. El ministro de Relaciones Exteriores, Roberto \u00c1lvarez, entreg\u00f3 personalmente al secretario general adjunto de las Naciones Unidas para el Apoyo Operacional, Atul Khare, la comunicaci\u00f3n oficial mediante la cual la Rep\u00fablica Dominicana formaliza su contribuci\u00f3n al Fondo Fiduciario de las Naciones Unidas para el apoyo a la Fuerza de Supresi\u00f3n de Bandas (GSF) en Hait\u00ed.<\/p>\n<p>A trav\u00e9s de esta nota, el pa\u00eds notific\u00f3 la contribuci\u00f3n de diez millones de d\u00f3lares estadounidenses (US$10,000,000.00), que se canalizar\u00e1n directamente al Fondo Fiduciario como aporte para el 2026. Asimismo, la comunicaci\u00f3n reafirma la disposici\u00f3n de la Rep\u00fablica Dominicana de continuar respaldando estos esfuerzos, con el compromiso de realizar una contribuci\u00f3n adicional de diez millones de d\u00f3lares estadounidenses (US$10,000,000.00) en el a\u00f1o 2027.<\/p>\n<p>Durante el encuentro, el canciller \u00c1lvarez, acompa\u00f1ado por el embajador Wellington Bencosme, representante permanente de la Rep\u00fablica Dominicana ante las Naciones Unidas, reiter\u00f3 la firme convicci\u00f3n del Gobierno del presidente Luis Abinader de apoyar de manera decidida los esfuerzos de la comunidad internacional en favor de la estabilidad, la seguridad y el desarrollo de Hait\u00ed, con el entendimiento de que la paz duradera en la naci\u00f3n vecina constituye una prioridad estrat\u00e9gica para la Rep\u00fablica Dominicana y para la regi\u00f3n en su conjunto.<\/p>\n<p>Por su parte, el secretario general adjunto, Atul Khare, agradeci\u00f3 la solidaridad y el liderazgo demostrados por la Rep\u00fablica Dominicana, y destac\u00f3 el valor de contribuciones como esta para el funcionamiento efectivo del Fondo Fiduciario y, en \u00faltima instancia, para el cumplimiento del mandato confiado por el Consejo de Seguridad.<\/p>\n<p>Con esta entrega, la Rep\u00fablica Dominicana formaliza ante las Naciones Unidas un compromiso que reafirma su tradicional vocaci\u00f3n multilateral, contribuyendo de manera concreta y verificable al fortalecimiento de los mecanismos internacionales de respuesta a la crisis de seguridad en la regi\u00f3n.<\/p>\n","protected":false},"excerpt":{"rendered":"<p>Santo Domingo, RD.-. El ministro de Relaciones Exteriores, Roberto \u00c1lvarez, entreg\u00f3 personalmente al secretario general adjunto de las Naciones Unidas para el Apoyo Operacional, Atul Khare, la comunicaci\u00f3n oficial mediante la cual la Rep\u00fablica Dominicana formaliza su contribuci\u00f3n al Fondo Fiduciario de las Naciones Unidas para el apoyo a la Fuerza de Supresi\u00f3n de Bandas [&hellip;]<\/p>\n","protected":false},"author":1,"featured_media":22234,"comment_status":"closed","ping_status":"closed","sticky":false,"template":"","format":"standard","meta":{"_monsterinsights_skip_tracking":false,"_monsterinsights_sitenote_active":false,"_monsterinsights_sitenote_note":"","_monsterinsights_sitenote_category":0,"_jetpack_memberships_contains_paid_content":false,"footnotes":""},"categories":[176],"tags":[],"class_list":["post-22233","post","type-post","status-publish","format-standard","has-post-thumbnail","hentry","category-internacionales"],"jetpack_featured_media_url":"https:\/\/opinionvertical.com\/wp-content\/uploads\/2026\/05\/republica-dominicana-reafirma-su-compromiso-multilateral-con-un-aporte-de-us10-millones-al-fondo-para-haiti.jpg","jetpack_sharing_enabled":true,"_links":{"self":[{"href":"https:\/\/opinionvertical.com\/index.php?rest_route=\/wp\/v2\/posts\/22233","targetHints":{"allow":["GET"]}}],"collection":[{"href":"https:\/\/opinionvertical.com\/index.php?rest_route=\/wp\/v2\/posts"}],"about":[{"href":"https:\/\/opinionvertical.com\/index.php?rest_route=\/wp\/v2\/types\/post"}],"author":[{"embeddable":true,"href":"https:\/\/opinionvertical.com\/index.php?rest_route=\/wp\/v2\/users\/1"}],"replies":[{"embeddable":true,"href":"https:\/\/opinionvertical.com\/index.php?rest_route=%2Fwp%2Fv2%2Fcomments&post=22233"}],"version-history":[{"count":0,"href":"https:\/\/opinionvertical.com\/index.php?rest_route=\/wp\/v2\/posts\/22233\/revisions"}],"wp:featuredmedia":[{"embeddable":true,"href":"https:\/\/opinionvertical.com\/index.php?rest_route=\/wp\/v2\/media\/22234"}],"wp:attachment":[{"href":"https:\/\/opinionvertical.com\/index.php?rest_route=%2Fwp%2Fv2%2Fmedia&parent=22233"}],"wp:term":[{"taxonomy":"category","embeddable":true,"href":"https:\/\/opinionvertical.com\/index.php?rest_route=%2Fwp%2Fv2%2Fcategories&post=22233"},{"taxonomy":"post_tag","embeddable":true,"href":"https:\/\/opinionvertical.com\/index.php?rest_route=%2Fwp%2Fv2%2Ftags&post=22233"}],"curies":[{"name":"wp","href":"https:\/\/api.w.org\/{rel}","templated":true}]}}