{"id":22247,"date":"2026-05-01T23:05:09","date_gmt":"2026-05-01T23:05:09","guid":{"rendered":"https:\/\/7dias.com.do\/?p=532822"},"modified":"2026-05-01T23:05:09","modified_gmt":"2026-05-01T23:05:09","slug":"carolina-mejia-supervisa-transformacion-del-parque-nunez-de-caceres-junto-al-banco-popular","status":"publish","type":"post","link":"https:\/\/opinionvertical.com\/?p=22247","title":{"rendered":"Carolina Mej\u00eda supervisa transformaci\u00f3n del parque N\u00fa\u00f1ez de C\u00e1ceres junto al Banco Popular"},"content":{"rendered":"<div><img decoding=\"async\" src=\"https:\/\/7dias.com.do\/wp-content\/uploads\/2026\/05\/WhatsApp-Image-2026-05-01-at-5.45.17-PM.jpeg\" class=\"ff-og-image-inserted\"><\/div>\n<p>Santo Domingo, DN.- Carolina Mej\u00eda supervis\u00f3 este viernes los avances de los trabajos de renovaci\u00f3n integral del parque N\u00fa\u00f1ez de C\u00e1ceres, que se est\u00e1n llevando a cabo junto al Banco Popular Dominicano para devolver a los ciudadanos un espacio recreativo, cultural, art\u00edstico e inclusivo.<\/p>\n<p>En una alianza entre el Banco Popular y la Alcald\u00eda del Distrito Nacional, se transformar\u00e1n 18,000 metros cuadrados del ic\u00f3nico parque mediante mejoras en infraestructura, accesibilidad, iluminaci\u00f3n y seguridad en general.<\/p>\n<p>A lo largo del recorrido, Mej\u00eda visit\u00f3 los avances en las distintas \u00e1reas que ya est\u00e1n siendo intervenidas, as\u00ed como los detalles que se llevar\u00e1n a cabo, como el sitio para la colocaci\u00f3n del letrero identificativo y la restauraci\u00f3n de las esculturas existentes, con el objetivo de que la obra sea entregada en octubre de este a\u00f1o, de acuerdo con el cronograma de trabajo previsto.<\/p>\n<p>\u00abYa hemos alcanzado un 35 % de avance en la obra. En estas \u00e1reas que ves aqu\u00ed, tendremos espacios deportivos para nuestra comunidad\u00bb, respondi\u00f3 la alcaldesa a los medios de comunicaci\u00f3n, haciendo \u00e9nfasis en el skate park y los senderos que caracterizar\u00e1n este espacio.<\/p>\n<p>\u00abEsto no solo ser\u00e1 motivo de inmenso regocijo para las personas que viven en el entorno, sino que tambi\u00e9n para todos los capitale\u00f1os y dominicanos ser\u00e1 un nuevo punto de atracci\u00f3n donde podremos venir a divertirnos\u00bb, resalt\u00f3 Mej\u00eda.<\/p>\n<p>Con motivo del D\u00eda del Trabajo, la alcaldesa pidi\u00f3 bendiciones para todos los trabajadores dominicanos. \u201cQue sigamos con \u00e1nimo, salud y energ\u00eda, sabiendo que de nuestro esfuerzo tambi\u00e9n depende el desarrollo de nuestra naci\u00f3n\u201d, se\u00f1al\u00f3.<\/p>\n<p>Al conversar con los obreros que se encuentran en la obra, la ejecutiva municipal les dijo que han sido protagonistas de las grandes transformaciones que se est\u00e1n llevando a cabo en Santo Domingo, recuperando espacios abandonados para contribuir al bienestar de las familias.<\/p>\n<p>La remodelaci\u00f3n incluye la integraci\u00f3n de un skate park, una pista perimetral para caminar, aceras interiores con accesibilidad universal, jardines y \u00e1reas verdes reforestadas, as\u00ed como la reestructuraci\u00f3n de la escultura central del parque.<\/p>\n<p>Adem\u00e1s, gracias a estos trabajos, se habilitar\u00e1n nuevas \u00e1reas infantiles inclusivas, una zona canina y un gimnasio al aire libre, adem\u00e1s de ba\u00f1os renovados y una oficina de apoyo comunitario. Se integrar\u00e1n murales art\u00edsticos que embellecer\u00e1n el entorno y promover\u00e1n el sentido de pertenencia comunitaria.<\/p>\n<p>La intervenci\u00f3n tambi\u00e9n incluye trabajos de limpieza de filtraciones, pintura general, instalaci\u00f3n de una cisterna, poda de \u00e1rboles y plantaci\u00f3n de nuevas especies ornamentales, con el objetivo de revitalizar completamente este espacio p\u00fablico y devolverlo a la ciudadan\u00eda en condiciones \u00f3ptimas para su disfrute.<\/p>\n<p>La renovaci\u00f3n de este parque tendr\u00e1 un costo estimado de entre 75 y 100 millones de pesos.<\/p>\n","protected":false},"excerpt":{"rendered":"<p>Santo Domingo, DN.- Carolina Mej\u00eda supervis\u00f3 este viernes los avances de los trabajos de renovaci\u00f3n integral del parque N\u00fa\u00f1ez de C\u00e1ceres, que se est\u00e1n llevando a cabo junto al Banco Popular Dominicano para devolver a los ciudadanos un espacio recreativo, cultural, art\u00edstico e inclusivo. En una alianza entre el Banco Popular y la Alcald\u00eda del [&hellip;]<\/p>\n","protected":false},"author":1,"featured_media":22248,"comment_status":"closed","ping_status":"closed","sticky":false,"template":"","format":"standard","meta":{"_monsterinsights_skip_tracking":false,"_monsterinsights_sitenote_active":false,"_monsterinsights_sitenote_note":"","_monsterinsights_sitenote_category":0,"_jetpack_memberships_contains_paid_content":false,"footnotes":""},"categories":[175],"tags":[],"class_list":["post-22247","post","type-post","status-publish","format-standard","has-post-thumbnail","hentry","category-nacionales"],"jetpack_featured_media_url":"https:\/\/opinionvertical.com\/wp-content\/uploads\/2026\/05\/carolina-mejia-supervisa-transformacion-del-parque-nunez-de-caceres-junto-al-banco-popular.jpg","jetpack_sharing_enabled":true,"_links":{"self":[{"href":"https:\/\/opinionvertical.com\/index.php?rest_route=\/wp\/v2\/posts\/22247","targetHints":{"allow":["GET"]}}],"collection":[{"href":"https:\/\/opinionvertical.com\/index.php?rest_route=\/wp\/v2\/posts"}],"about":[{"href":"https:\/\/opinionvertical.com\/index.php?rest_route=\/wp\/v2\/types\/post"}],"author":[{"embeddable":true,"href":"https:\/\/opinionvertical.com\/index.php?rest_route=\/wp\/v2\/users\/1"}],"replies":[{"embeddable":true,"href":"https:\/\/opinionvertical.com\/index.php?rest_route=%2Fwp%2Fv2%2Fcomments&post=22247"}],"version-history":[{"count":0,"href":"https:\/\/opinionvertical.com\/index.php?rest_route=\/wp\/v2\/posts\/22247\/revisions"}],"wp:featuredmedia":[{"embeddable":true,"href":"https:\/\/opinionvertical.com\/index.php?rest_route=\/wp\/v2\/media\/22248"}],"wp:attachment":[{"href":"https:\/\/opinionvertical.com\/index.php?rest_route=%2Fwp%2Fv2%2Fmedia&parent=22247"}],"wp:term":[{"taxonomy":"category","embeddable":true,"href":"https:\/\/opinionvertical.com\/index.php?rest_route=%2Fwp%2Fv2%2Fcategories&post=22247"},{"taxonomy":"post_tag","embeddable":true,"href":"https:\/\/opinionvertical.com\/index.php?rest_route=%2Fwp%2Fv2%2Ftags&post=22247"}],"curies":[{"name":"wp","href":"https:\/\/api.w.org\/{rel}","templated":true}]}}