{"id":22265,"date":"2026-05-01T23:32:33","date_gmt":"2026-05-01T23:32:33","guid":{"rendered":"https:\/\/7dias.com.do\/?p=532839"},"modified":"2026-05-01T23:32:33","modified_gmt":"2026-05-01T23:32:33","slug":"presidente-abinader-honra-a-trabajadores-y-empresarios-en-la-primera-edicion-del-premio-anual-al-merito-laboral","status":"publish","type":"post","link":"https:\/\/opinionvertical.com\/?p=22265","title":{"rendered":"Presidente Abinader honra a trabajadores y empresarios en la primera edici\u00f3n del Premio Anual al M\u00e9rito Laboral"},"content":{"rendered":"<div><img decoding=\"async\" src=\"https:\/\/7dias.com.do\/wp-content\/uploads\/2026\/05\/WhatsApp-Image-2026-05-01-at-7.10.52-PM-1-scaled.jpeg\" class=\"ff-og-image-inserted\"><\/div>\n<p>Santo Domingo RD.-. Con motivo de la celebraci\u00f3n del D\u00eda Internacional del Trabajo este viernes 1 de mayo, el presidente Luis Abinader, junto a la vicepresidenta Raquel Pe\u00f1a, encabez\u00f3 la primera edici\u00f3n del Premio Anual al M\u00e9rito Laboral. Este reconocimiento est\u00e1 destinado a honrar a trabajadores y empresarios que han contribuido de manera significativa al desarrollo econ\u00f3mico, social y humano del pa\u00eds, promoviendo el empleo digno y la excelencia en el trabajo.<\/p>\n<p>En un escenario en el que primaron la justicia, el reconocimiento y la gratitud, se entregaron ocho medallas al m\u00e9rito laboral frente a m\u00e1s de un centenar de representantes del sector sindical, empresarial y gubernamental.<\/p>\n<p>Este premio fue instituido por el presidente Luis Abinader mediante el Decreto n\u00fam. 389-25, estableci\u00e9ndose adem\u00e1s como un compromiso con el fortalecimiento del di\u00e1logo tripartito.<\/p>\n<p>En este sentido, el ministro de Trabajo, Eddy Olivares, se\u00f1al\u00f3 que la alianza y el trabajo conjunto entre el Gobierno, los empleadores y los trabajadores permiten la construcci\u00f3n de un futuro com\u00fan pr\u00f3spero. Asimismo, se comprometi\u00f3, desde el Ministerio de Trabajo, a seguir impulsando pol\u00edticas p\u00fablicas que fortalezcan el empleo, garanticen condiciones laborales justas y promuevan el di\u00e1logo social como herramienta fundamental para la paz laboral.<\/p>\n<p>\u201cEl progreso sostenible se construye sobre la base del respeto a los derechos laborales y la promoci\u00f3n de empleos dignos\u201d, concluy\u00f3 Olivares.<\/p>\n<p>Por parte del sector empleador, Celso Juan Marranzini, presidente del CONEP, reconoci\u00f3 el esfuerzo de m\u00e1s de 5 millones de trabajadores que sostienen cada d\u00eda la actividad productiva del pa\u00eds, impulsando el crecimiento y promoviendo oportunidades para millones de familias.<\/p>\n<p>Tambi\u00e9n valor\u00f3 la iniciativa del Gobierno del presidente Luis Abinader para institucionalizar el trabajo y manifest\u00f3 su disposici\u00f3n de seguir colaborando de manera tripartita por el crecimiento de nuestra econom\u00eda.<\/p>\n<p>Del mismo modo, el representante sindical Rafael \u201cPepe\u201d Abreu expres\u00f3 con gran convicci\u00f3n que este es un gobierno que se preocupa por el justo equilibrio y por el bienestar de todos los sectores.<\/p>\n<p>Claro, pero parece que solo has proporcionado una palabra. Si tienes un p\u00e1rrafo que necesitas que revise, por favor comp\u00e1rtelo y estar\u00e9 encantado de ayudarte a corregirlo gramaticalmente.<\/p>\n<p>En esta primera edici\u00f3n, el <em>Gran Galard\u00f3n al Trabajador Meritorio<\/em> fue otorgado a William Radham\u00e9s Tejada Alc\u00e1ntara, de Nestl\u00e9 Dominicana y dirigente de la Confederaci\u00f3n Nacional de la Unidad Sindical (CNUS), por su dedicaci\u00f3n y \u00e9tica. La medalla por <em>Excelencia en el Trabajo<\/em> se entreg\u00f3 a Dom\u00ednica Cabral de Rijo, de la Confederaci\u00f3n Nacional de Trabajadores Dominicanos (CNTD); la de <em>Innovaci\u00f3n<\/em>, a Victoria Garc\u00eda Ravelo, de CNUS; y la de <em>Liderazgo y Armon\u00eda Laboral<\/em>, a Manolo (Pupilo) Ram\u00edrez, de la CASC.<\/p>\n<p>El reconocimiento al <em>Compromiso con los Derechos de los Trabajadores<\/em> fue otorgado a Gabriel Antonio Del R\u00edo Do\u00f1\u00e9, presidente de la Confederaci\u00f3n Aut\u00f3noma Sindical Clasista (CASC), por su legado, integridad y permanente compromiso en defensa del bienestar de los trabajadores y trabajadoras.<\/p>\n<p>En la categor\u00eda de <em>Trayectoria en la Generaci\u00f3n de Oportunidades Laborales<\/em>, se reconoci\u00f3 a los empresarios Jos\u00e9 Luis Corripio, F\u00e9lix Mar\u00eda Garc\u00eda Castellanos y Frank Rainieri por sus aportes al desarrollo empresarial y la creaci\u00f3n de empleos en la Rep\u00fablica Dominicana.<\/p>\n<p>Podr\u00e1n ser candidatos los trabajadores de cualquier sector productivo, as\u00ed como instituciones y empresas nacionales e internacionales con un historial comprobado de buenas pr\u00e1cticas laborales. Asimismo, podr\u00e1n ser candidatos aquellas personas que hayan prestado servicios por un per\u00edodo prolongado y que hayan tenido un impacto positivo en la sociedad.<\/p>\n<p>Entre los asistentes, tambi\u00e9n destacan los presidentes del Senado, Ricardo de los Santos; del Tribunal Superior Electoral, Ygnacio Pascual Camacho; el ministro de Industria, Comercio y Mipymes, Eduardo Sanz Lovat\u00f3n; la directora de \u00c9tica e Integridad Gubernamental, Milagros Ortiz Bosch; los presidentes de COPARDOM, Laura Pe\u00f1a Izquierdo; de la Confederaci\u00f3n Nacional de Trabajadores Dominicanos (CNTD), Jacobo Ramos; y el alcalde de SDE, Dio Astacio.<\/p>\n","protected":false},"excerpt":{"rendered":"<p>Santo Domingo RD.-. Con motivo de la celebraci\u00f3n del D\u00eda Internacional del Trabajo este viernes 1 de mayo, el presidente Luis Abinader, junto a la vicepresidenta Raquel Pe\u00f1a, encabez\u00f3 la primera edici\u00f3n del Premio Anual al M\u00e9rito Laboral. Este reconocimiento est\u00e1 destinado a honrar a trabajadores y empresarios que han contribuido de manera significativa al [&hellip;]<\/p>\n","protected":false},"author":1,"featured_media":22266,"comment_status":"closed","ping_status":"closed","sticky":false,"template":"","format":"standard","meta":{"_monsterinsights_skip_tracking":false,"_monsterinsights_sitenote_active":false,"_monsterinsights_sitenote_note":"","_monsterinsights_sitenote_category":0,"_jetpack_memberships_contains_paid_content":false,"footnotes":""},"categories":[177],"tags":[],"class_list":["post-22265","post","type-post","status-publish","format-standard","has-post-thumbnail","hentry","category-politica"],"jetpack_featured_media_url":"https:\/\/opinionvertical.com\/wp-content\/uploads\/2026\/05\/presidente-abinader-honra-a-trabajadores-y-empresarios-en-la-primera-edicion-del-premio-anual-al-merito-laboral.jpg","jetpack_sharing_enabled":true,"_links":{"self":[{"href":"https:\/\/opinionvertical.com\/index.php?rest_route=\/wp\/v2\/posts\/22265","targetHints":{"allow":["GET"]}}],"collection":[{"href":"https:\/\/opinionvertical.com\/index.php?rest_route=\/wp\/v2\/posts"}],"about":[{"href":"https:\/\/opinionvertical.com\/index.php?rest_route=\/wp\/v2\/types\/post"}],"author":[{"embeddable":true,"href":"https:\/\/opinionvertical.com\/index.php?rest_route=\/wp\/v2\/users\/1"}],"replies":[{"embeddable":true,"href":"https:\/\/opinionvertical.com\/index.php?rest_route=%2Fwp%2Fv2%2Fcomments&post=22265"}],"version-history":[{"count":0,"href":"https:\/\/opinionvertical.com\/index.php?rest_route=\/wp\/v2\/posts\/22265\/revisions"}],"wp:featuredmedia":[{"embeddable":true,"href":"https:\/\/opinionvertical.com\/index.php?rest_route=\/wp\/v2\/media\/22266"}],"wp:attachment":[{"href":"https:\/\/opinionvertical.com\/index.php?rest_route=%2Fwp%2Fv2%2Fmedia&parent=22265"}],"wp:term":[{"taxonomy":"category","embeddable":true,"href":"https:\/\/opinionvertical.com\/index.php?rest_route=%2Fwp%2Fv2%2Fcategories&post=22265"},{"taxonomy":"post_tag","embeddable":true,"href":"https:\/\/opinionvertical.com\/index.php?rest_route=%2Fwp%2Fv2%2Ftags&post=22265"}],"curies":[{"name":"wp","href":"https:\/\/api.w.org\/{rel}","templated":true}]}}