{"id":22277,"date":"2026-05-02T00:40:49","date_gmt":"2026-05-02T00:40:49","guid":{"rendered":"https:\/\/7dias.com.do\/?p=532864"},"modified":"2026-05-02T00:40:49","modified_gmt":"2026-05-02T00:40:49","slug":"superate-fortalece-su-impacto-social-en-la-vega-beneficiando-a-mas-de-62000-hogares","status":"publish","type":"post","link":"https:\/\/opinionvertical.com\/?p=22277","title":{"rendered":"Sup\u00e9rate fortalece su impacto social en La Vega, beneficiando a m\u00e1s de 62,000 hogares"},"content":{"rendered":"<div><img decoding=\"async\" src=\"https:\/\/7dias.com.do\/wp-content\/uploads\/2026\/05\/WhatsApp-Image-2026-05-01-at-7.22.33-PM.jpeg\" class=\"ff-og-image-inserted\"><\/div>\n<p>Santo Domingo, RD.-. La Direcci\u00f3n de Desarrollo Social Sup\u00e9rate se traslad\u00f3 este viernes a la provincia de La Vega para escuchar de cerca a las familias beneficiarias de los programas de protecci\u00f3n social ofrecidos a miles de hogares en esta demarcaci\u00f3n, con el objetivo de identificar avances y desaf\u00edos en el acceso a los subsidios y en el desarrollo de capacidades para superar la pobreza.<\/p>\n<p>Las acciones de protecci\u00f3n social de Sup\u00e9rate en esta provincia benefician a un total de 62,345 familias de los municipios de Concepci\u00f3n de La Vega, Constanza, Jarabacoa, Jima Abajo y la comunidad de Jima Arriba, donde los hogares en condiciones de vulnerabilidad reciben diversos subsidios que contribuyen a mejorar su calidad de vida y a fortalecer su bienestar econ\u00f3mico y social.<\/p>\n<p>En un di\u00e1logo cercano con las familias beneficiarias, la directora general de Sup\u00e9rate, Mayra Jim\u00e9nez, expres\u00f3 que, en La Vega, el programa Alim\u00e9ntate impacta a 61,496 familias, siendo el de mayor cobertura, seguido por Bonog\u00e1s, con 53,201 hogares beneficiados, y Bonoluz, que alcanza a 32,821 familias. Asimismo, el subsidio Avanza beneficia a 3,994 hogares, mientras que Aprende llega a 1,973 familias.<\/p>\n<p>Por otro lado, las iniciativas dirigidas a poblaciones espec\u00edficas, como Sup\u00e9rate Mujer y el apoyo a familias con ni\u00f1as, ni\u00f1os y adolescentes, contin\u00faan ampliando la cobertura social bajo un enfoque inclusivo. Actualmente, el Fondo de Discapacidad Sup\u00e9rate impacta a 234 familias en esta demarcaci\u00f3n, agreg\u00f3 Jim\u00e9nez.<\/p>\n<p>\u201cAdem\u00e1s de los subsidios, la instituci\u00f3n colabora estrechamente con las familias en sus comunidades y hogares, proporcionando acompa\u00f1amiento sociofamiliar mediante la escucha, la orientaci\u00f3n y visitas casa por casa, para garantizar su bienestar, el acceso a la educaci\u00f3n y la salud, y el ejercicio pleno de sus derechos\u201d, se\u00f1al\u00f3 la directora general de Sup\u00e9rate.<\/p>\n<p>La jornada cont\u00f3 con la participaci\u00f3n de 1,187 personas, durante la cual las familias valoraron el impacto positivo de estos programas y expresaron inquietudes, como la ampliaci\u00f3n de la cobertura y el aumento en el monto de la tarjeta Sup\u00e9rate, as\u00ed como la extensi\u00f3n del acompa\u00f1amiento sociofamiliar a un mayor n\u00famero de hogares.<\/p>\n<p>El acto cont\u00f3 con la presencia del senador de la provincia de La Vega, Rogelio Genao, quien destac\u00f3 el esfuerzo de Sup\u00e9rate por acercarse a las comunidades y escuchar de manera directa a las familias beneficiarias. Esto refleja el enfoque de la pol\u00edtica social del presidente Luis Abinader, centrada en atender a quienes m\u00e1s lo necesitan.<\/p>\n<p>Mientras tanto, la directora de la Regional de Cibao Sur de Sup\u00e9rate, Aracelis P\u00e9rez, expres\u00f3 que \u201ceste encuentro se concibe como un espacio de escucha activa, orientado a conocer de primera mano las experiencias, avances y desaf\u00edos de las comunidades, as\u00ed como las oportunidades que se pueden seguir construyendo de manera conjunta\u201d.<\/p>\n<p>La jornada se llev\u00f3 a cabo en el multiuso del centro de la Universidad Aut\u00f3noma de Santo Domingo (UASD) en La Vega, y cont\u00f3 con la asistencia de la diputada Carolin Mercedes; la alcaldesa del municipio de Concepci\u00f3n, Amparo Custodio; el alcalde del distrito municipal El Rinc\u00f3n, Enmanuel Ram\u00edrez; el director del centro UASD en La Vega, Cristian Gonz\u00e1lez; el gerente regional del Seguro Nacional de Salud (SeNaSa), Iv\u00e1n C\u00e1rdenas; las regidoras Luz del Alba y Clari \u00c1ngeles, as\u00ed como otras autoridades locales.<\/p>\n","protected":false},"excerpt":{"rendered":"<p>Santo Domingo, RD.-. La Direcci\u00f3n de Desarrollo Social Sup\u00e9rate se traslad\u00f3 este viernes a la provincia de La Vega para escuchar de cerca a las familias beneficiarias de los programas de protecci\u00f3n social ofrecidos a miles de hogares en esta demarcaci\u00f3n, con el objetivo de identificar avances y desaf\u00edos en el acceso a los subsidios [&hellip;]<\/p>\n","protected":false},"author":1,"featured_media":22278,"comment_status":"closed","ping_status":"closed","sticky":false,"template":"","format":"standard","meta":{"_monsterinsights_skip_tracking":false,"_monsterinsights_sitenote_active":false,"_monsterinsights_sitenote_note":"","_monsterinsights_sitenote_category":0,"_jetpack_memberships_contains_paid_content":false,"footnotes":""},"categories":[175],"tags":[],"class_list":["post-22277","post","type-post","status-publish","format-standard","has-post-thumbnail","hentry","category-nacionales"],"jetpack_featured_media_url":"https:\/\/opinionvertical.com\/wp-content\/uploads\/2026\/05\/superate-fortalece-su-impacto-social-en-la-vega-beneficiando-a-mas-de-62000-hogares.jpg","jetpack_sharing_enabled":true,"_links":{"self":[{"href":"https:\/\/opinionvertical.com\/index.php?rest_route=\/wp\/v2\/posts\/22277","targetHints":{"allow":["GET"]}}],"collection":[{"href":"https:\/\/opinionvertical.com\/index.php?rest_route=\/wp\/v2\/posts"}],"about":[{"href":"https:\/\/opinionvertical.com\/index.php?rest_route=\/wp\/v2\/types\/post"}],"author":[{"embeddable":true,"href":"https:\/\/opinionvertical.com\/index.php?rest_route=\/wp\/v2\/users\/1"}],"replies":[{"embeddable":true,"href":"https:\/\/opinionvertical.com\/index.php?rest_route=%2Fwp%2Fv2%2Fcomments&post=22277"}],"version-history":[{"count":0,"href":"https:\/\/opinionvertical.com\/index.php?rest_route=\/wp\/v2\/posts\/22277\/revisions"}],"wp:featuredmedia":[{"embeddable":true,"href":"https:\/\/opinionvertical.com\/index.php?rest_route=\/wp\/v2\/media\/22278"}],"wp:attachment":[{"href":"https:\/\/opinionvertical.com\/index.php?rest_route=%2Fwp%2Fv2%2Fmedia&parent=22277"}],"wp:term":[{"taxonomy":"category","embeddable":true,"href":"https:\/\/opinionvertical.com\/index.php?rest_route=%2Fwp%2Fv2%2Fcategories&post=22277"},{"taxonomy":"post_tag","embeddable":true,"href":"https:\/\/opinionvertical.com\/index.php?rest_route=%2Fwp%2Fv2%2Ftags&post=22277"}],"curies":[{"name":"wp","href":"https:\/\/api.w.org\/{rel}","templated":true}]}}