{"id":22289,"date":"2026-05-02T01:02:08","date_gmt":"2026-05-02T01:02:08","guid":{"rendered":"https:\/\/7dias.com.do\/?p=532875"},"modified":"2026-05-02T01:02:08","modified_gmt":"2026-05-02T01:02:08","slug":"lanzamiento-de-la-nueva-cedula-de-identidad-dominicana-para-asegurar-elecciones","status":"publish","type":"post","link":"https:\/\/opinionvertical.com\/?p=22289","title":{"rendered":"Lanzamiento de la nueva c\u00e9dula de identidad Dominicana para asegurar elecciones"},"content":{"rendered":"<div><img decoding=\"async\" src=\"https:\/\/7dias.com.do\/wp-content\/uploads\/2026\/05\/WhatsApp-Image-2026-05-01-at-7.28.24-PM.jpeg\" class=\"ff-og-image-inserted\"><\/div>\n<p>Santo Domingo, RD.-. El presidente de la Junta Central Electoral (JCE), Rom\u00e1n Andr\u00e9s J\u00e1quez Liranzo, anunci\u00f3 que las personas que cumplen a\u00f1os en abril tendr\u00e1n hasta el 11 de mayo para renovar su c\u00e9dula de identidad y electoral, ya que el proceso comenz\u00f3 el d\u00eda 12 del presente mes. Esta medida, seg\u00fan \u00e9l, es un acto de justicia e igualdad.<\/p>\n<p>J\u00e1quez Liranzo hizo el anuncio ayer jueves durante la conferencia \u201cLa nueva c\u00e9dula de identidad y electoral: garant\u00eda de Estado y soberan\u00eda nacional\u201d, en la cual present\u00f3 los avances en la implementaci\u00f3n del documento de identidad, as\u00ed como su impacto en la ciudadan\u00eda, la seguridad jur\u00eddica y la soberan\u00eda nacional.<\/p>\n<p>La actividad, organizada por la Fundaci\u00f3n Dominicana Debate Global PI en coordinaci\u00f3n con la Junta Central Electoral (JCE) y la Universidad Cat\u00f3lica Santo Domingo (UCSD), cont\u00f3 con la presencia de las miembros titulares Dolores Altagracia Fern\u00e1ndez S\u00e1nchez e Hirayda Marcelle Fern\u00e1ndez Guzm\u00e1n, as\u00ed como de los suplentes Prado L\u00f3pez, Anibelca Rosario y Tony Tejada; el secretario general Sonne Beltr\u00e9, el cuerpo directivo de la JCE, delegados y representantes de las organizaciones partidarias, personalidades de la vida nacional, as\u00ed como docentes, acad\u00e9micos y estudiantes.<\/p>\n<p>La c\u00e9dula de identidad y electoral es garant\u00eda del Estado y de la soberan\u00eda nacional.<\/p>\n<p>El presidente de la JCE afirm\u00f3 que la conferencia tiene como palabras clave el Estado y la soberan\u00eda, las cuales, de manera transversal, se reflejan en la c\u00e9dula. Asegur\u00f3 que la identidad es, en s\u00ed misma, una afirmaci\u00f3n de qui\u00e9nes somos como personas y como dominicanas y dominicanos, ya que ambas funciones son constitucionales y transversales a la soberan\u00eda, la paz y el bien com\u00fan.<\/p>\n<p>En ese sentido, se\u00f1al\u00f3 que la identidad es un requisito fundamental para la naci\u00f3n y la soberan\u00eda del Estado, y que la JCE es responsable y guardiana del registro civil (actas de nacimiento, matrimonio, divorcio y defunci\u00f3n), impactando a la persona desde el nacimiento hasta m\u00e1s all\u00e1 de la muerte.<\/p>\n<p>\u00abIgualmente, somos constitucionalmente los responsables y guardianes de la c\u00e9dula de identidad y la c\u00e9dula de identidad y electoral. En el marco del 103 aniversario de la JCE, se dio inicio al proyecto m\u00e1s importante en la historia de nuestra identidad: la renovaci\u00f3n de las c\u00e9dulas, cuya misi\u00f3n es otorgar a m\u00e1s de nueve millones de dominicanos y dominicanas una nueva c\u00e9dula\u00bb, indic\u00f3 J\u00e1quez Liranzo.<\/p>\n<p>Las cinco razones por las que la c\u00e9dula es un asunto de Estado.<\/p>\n<p>J\u00e1quez Liranzo afirm\u00f3 que la c\u00e9dula no es simplemente un tr\u00e1mite burocr\u00e1tico ni un intercambio de pl\u00e1stico por pl\u00e1stico, sino un asunto de Estado por cinco razones: su importancia en los diferentes actos del Estado civil, la depuraci\u00f3n del padr\u00f3n y el registro civil que implica, su adecuaci\u00f3n a los avances tecnol\u00f3gicos, su valor patri\u00f3tico y su consideraci\u00f3n como una inversi\u00f3n.<\/p>\n<p>Como primera raz\u00f3n, se\u00f1al\u00f3 que, debido a su importancia, \u00absin c\u00e9dula no se pueden realizar las acciones, derechos y deberes de la vida ciudadana, como casarse, declarar a sus hijos\/as, estudiar, emprender, trabajar, viajar, hacer transacciones bancarias, suscribir contratos para comprar o vender, y usar los servicios del Estado\u00bb.<\/p>\n<p>En ese sentido, se\u00f1al\u00f3 que, como funci\u00f3n democr\u00e1tica, a trav\u00e9s del documento de identidad se ejerce el derecho a votar, a elegir y a ser candidato o candidata, a ser elegible. Adem\u00e1s, es un proceso transversal, ya que un acta de nacimiento se convierte en una c\u00e9dula de identidad electoral, y esa c\u00e9dula se convierte en un voto, en el derecho fundamental del pueblo soberano.<\/p>\n<p>Como segunda raz\u00f3n, indic\u00f3 que esto implica una depuraci\u00f3n m\u00e1s segura, exhaustiva y transparente del registro civil y del padr\u00f3n electoral, ya que no se trata de un cambio de c\u00e9dula por c\u00e9dula sin controles, sino que se realiza con rigurosa verificaci\u00f3n y comprobaci\u00f3n. Record\u00f3 que la JCE lleva solo 19 a\u00f1os con el control institucional y operativo del registro civil y de las oficial\u00edas, y desde entonces han trabajado arduamente para corregir la herencia ancestral de errores en los libros registrales, que se escrib\u00edan a mano.<\/p>\n<p>Como tercera raz\u00f3n, expuso que la renovaci\u00f3n del documento de identidad est\u00e1 acorde con los avances tecnol\u00f3gicos y con los m\u00e1s altos est\u00e1ndares internacionales de seguridad: \u201cEs una c\u00e9dula segura, inteligente, generacional y futurista, con variadas oportunidades de uso, incluyendo lo digital, lo que facilitar\u00e1 la interoperabilidad entre todas las entidades p\u00fablicas y privadas del Estado; incluso, puede ser el documento \u00fanico de identidad de la Rep\u00fablica Dominicana\u201d.<\/p>\n<p>Apunt\u00f3 como cuarta raz\u00f3n que tiene un valor patrio de protecci\u00f3n al medio ambiente y valores culturales de la naci\u00f3n, con tres dise\u00f1os por categor\u00eda: menores, militares y extranjeros\/as legales en el pa\u00eds.<\/p>\n<p>Finalmente, como quinta raz\u00f3n, J\u00e1quez Liranzo indic\u00f3 que no se trata de un gasto, sino de una inversi\u00f3n, ya que la c\u00e9dula no vence cada 10 a\u00f1os, sino que es una robusta pieza de ingenier\u00eda que incorpora m\u00e1s de 100 caracter\u00edsticas de seguridad.<\/p>\n<p>Las palabras de bienvenida de la conferencia estuvieron a cargo de Amauris Mart\u00ednez, decano de la Facultad de Derecho de la UCSD, mientras que Trajano Santana, de la Fundaci\u00f3n Dominicana de Debate Global PI, ofreci\u00f3 reflexiones y comentarios sobre la conferencia.<\/p>\n","protected":false},"excerpt":{"rendered":"<p>Santo Domingo, RD.-. El presidente de la Junta Central Electoral (JCE), Rom\u00e1n Andr\u00e9s J\u00e1quez Liranzo, anunci\u00f3 que las personas que cumplen a\u00f1os en abril tendr\u00e1n hasta el 11 de mayo para renovar su c\u00e9dula de identidad y electoral, ya que el proceso comenz\u00f3 el d\u00eda 12 del presente mes. Esta medida, seg\u00fan \u00e9l, es un [&hellip;]<\/p>\n","protected":false},"author":1,"featured_media":0,"comment_status":"closed","ping_status":"closed","sticky":false,"template":"","format":"standard","meta":{"_monsterinsights_skip_tracking":false,"_monsterinsights_sitenote_active":false,"_monsterinsights_sitenote_note":"","_monsterinsights_sitenote_category":0,"_jetpack_memberships_contains_paid_content":false,"footnotes":""},"categories":[177],"tags":[],"class_list":["post-22289","post","type-post","status-publish","format-standard","hentry","category-politica"],"jetpack_featured_media_url":"","jetpack_sharing_enabled":true,"_links":{"self":[{"href":"https:\/\/opinionvertical.com\/index.php?rest_route=\/wp\/v2\/posts\/22289","targetHints":{"allow":["GET"]}}],"collection":[{"href":"https:\/\/opinionvertical.com\/index.php?rest_route=\/wp\/v2\/posts"}],"about":[{"href":"https:\/\/opinionvertical.com\/index.php?rest_route=\/wp\/v2\/types\/post"}],"author":[{"embeddable":true,"href":"https:\/\/opinionvertical.com\/index.php?rest_route=\/wp\/v2\/users\/1"}],"replies":[{"embeddable":true,"href":"https:\/\/opinionvertical.com\/index.php?rest_route=%2Fwp%2Fv2%2Fcomments&post=22289"}],"version-history":[{"count":0,"href":"https:\/\/opinionvertical.com\/index.php?rest_route=\/wp\/v2\/posts\/22289\/revisions"}],"wp:attachment":[{"href":"https:\/\/opinionvertical.com\/index.php?rest_route=%2Fwp%2Fv2%2Fmedia&parent=22289"}],"wp:term":[{"taxonomy":"category","embeddable":true,"href":"https:\/\/opinionvertical.com\/index.php?rest_route=%2Fwp%2Fv2%2Fcategories&post=22289"},{"taxonomy":"post_tag","embeddable":true,"href":"https:\/\/opinionvertical.com\/index.php?rest_route=%2Fwp%2Fv2%2Ftags&post=22289"}],"curies":[{"name":"wp","href":"https:\/\/api.w.org\/{rel}","templated":true}]}}