{"id":22306,"date":"2026-05-02T01:22:09","date_gmt":"2026-05-02T01:22:09","guid":{"rendered":"https:\/\/7dias.com.do\/?p=532880"},"modified":"2026-05-02T01:22:09","modified_gmt":"2026-05-02T01:22:09","slug":"gobierno-empresarios-y-sindicatos-unen-fuerzas-por-el-crecimiento-economico","status":"publish","type":"post","link":"https:\/\/opinionvertical.com\/?p=22306","title":{"rendered":"Gobierno, empresarios y sindicatos unen fuerzas por el crecimiento econ\u00f3mico"},"content":{"rendered":"<div><img decoding=\"async\" src=\"https:\/\/7dias.com.do\/wp-content\/uploads\/2026\/05\/011d859d-de1c-4cf7-b3ce-3d0e878769fd-scaled.jpeg\" class=\"ff-og-image-inserted\"><\/div>\n<p>Santo Domingo, RD.- Al celebrarse este viernes 1 de mayo el D\u00eda Internacional del Trabajo, el presidente Luis Abinader, junto a la vicepresidenta Raquel Pe\u00f1a, encabez\u00f3 la primera edici\u00f3n del Premio Anual al M\u00e9rito Laboral para reconocer a trabajadores y empresarios que han contribuido de manera significativa al desarrollo econ\u00f3mico, social y humano del pa\u00eds, promoviendo el empleo digno y la excelencia en el trabajo.<\/p>\n<p>En un escenario en el que prim\u00f3 la justicia, el reconocimiento y la gratitud, fueron entregadas ocho medallas al m\u00e9rito laboral frente a m\u00e1s de un centenar de representantes del sector sindical, empresarial y gubernamental.<\/p>\n<p>Este premio fue instituido por el presidente Luis Abinader mediante el Decreto n\u00fam. 389-25, estableci\u00e9ndose adem\u00e1s como un compromiso con el fortalecimiento del di\u00e1logo tripartito.<\/p>\n<p>Al respecto, el ministro de Trabajo, Eddy Olivares, indic\u00f3 que la alianza y trabajo conjunto entre el Gobierno, empleadores y trabajadores, permite la construcci\u00f3n de un futuro com\u00fan pr\u00f3spero y se comprometi\u00f3, desde el Ministerio de Trabajo, a seguir impulsando pol\u00edticas p\u00fablicas que fortalezcan el empleo, garanticen condiciones laborales justas y promuevan el di\u00e1logo social como herramienta fundamental para la paz laboral.<\/p>\n<p>\u201cEl progreso sostenible se construye sobre la base del respeto a los derechos laborales y la promoci\u00f3n de empleos dignos\u201d, concluy\u00f3 Olivares.<\/p>\n<p>Por el sector empleador, Celso Juan Marranzini, presidente del CONEP, reconoci\u00f3 el esfuerzo de m\u00e1s de 5 millones de trabajadores que sostienen cada d\u00eda la actividad productiva del pa\u00eds, impulsando el crecimiento y promoviendo oportunidades para millones de familias.<\/p>\n<p>Tambi\u00e9n valor\u00f3 la iniciativa del Gobierno del presidente Luis Abinader de institucionalizar el trabajo y manifest\u00f3 su disposici\u00f3n de seguir trabajando de manera tripartita por el crecimiento de nuestra econom\u00eda.<\/p>\n<p>Del mismo modo, el representante sindicalista Rafael \u201cPepe\u201d Abreu, expres\u00f3 con gran convicci\u00f3n, que este es un Gobierno que se preocupa por el justo equilibrio y por el bienestar de todos los sectores.<\/p>\n<p>Galardonados<\/p>\n<p>En esta primera edici\u00f3n, el <em>Gran Galard\u00f3n al Trabajador Meritorio<\/em> fue otorgado, por su dedicaci\u00f3n y \u00e9tica, a William Radham\u00e9s Tejada Alc\u00e1ntara, de Nestl\u00e9 Dominicana y dirigente de la Confederaci\u00f3n Nacional de la Unidad Sindical (CNUS). La medalla por <em>Excelencia en el Trabajo<\/em> se entreg\u00f3 a Dom\u00ednica Cabral de Rijo, de la Confederaci\u00f3n Nacional de Trabajadores Dominicanos (CNTD); la de <em>Innovaci\u00f3n<\/em>, a Victoria Garc\u00eda Ravelo, de CNUS; y la de <em>Liderazgo y Armon\u00eda Laboral<\/em>, a Manolo (Pupilo) Ram\u00edrez, de la CASC.<\/p>\n<p>El reconocimiento al <em>Compromiso con los Derechos de los Trabajadores<\/em> recay\u00f3 sobre Gabriel Antonio Del R\u00edo Do\u00f1\u00e9, presidente de la Confederaci\u00f3n Aut\u00f3noma Sindical Clasista (CASC), por su legado, integridad y permanente compromiso en defensa no del bienestar de los trabajadores y trabajadoras.<\/p>\n<p>En la categor\u00eda de <em>Trayectoria en la Generaci\u00f3n de Oportunidades Laborales<\/em>, fueron reconocidos los empresarios Jos\u00e9 Luis Corripio, F\u00e9lix Mar\u00eda Garc\u00eda Castellanos y Frank Rainieri, por sus aportes al desarrollo empresarial y la creaci\u00f3n de empleos en la Rep\u00fablica Dominicana.<\/p>\n<p>Podr\u00e1n ser candidatos los trabajadores de cualquier sector productivo, instituciones y empresas nacionales e internacionales con un historial comprobado de buenas pr\u00e1cticas laborales; asimismo, personas que hayan prestado servicios por un per\u00edodo prolongado y con impacto positivo en la sociedad.<\/p>\n<p>Entre los asistentes, tambi\u00e9n destacan los presidentes, del Senado, Ricardo de los Santos; del Tribunal Superior Electoral, Ygnacio Pascual Camacho; el ministro de Industria, Comercio y Mipymes, Eduardo Sanz Lovat\u00f3n; la directora de \u00c9tica e Integridad Gubernamental, Milagros Ortiz Bosch; los presidentes, de COPARDOM, Laura Pe\u00f1a Izquierdo; de la Confederaci\u00f3n Nacional de Trabajadores Dominicanos (CNTD), Jacobo Ramos; y el alcalde por SDE, Dio Astacio.<\/p>\n","protected":false},"excerpt":{"rendered":"<p>Santo Domingo, RD.- Al celebrarse este viernes 1 de mayo el D\u00eda Internacional del Trabajo, el presidente Luis Abinader, junto a la vicepresidenta Raquel Pe\u00f1a, encabez\u00f3 la primera edici\u00f3n del Premio Anual al M\u00e9rito Laboral para reconocer a trabajadores y empresarios que han contribuido de manera significativa al desarrollo econ\u00f3mico, social y humano del pa\u00eds, [&hellip;]<\/p>\n","protected":false},"author":1,"featured_media":22307,"comment_status":"closed","ping_status":"closed","sticky":false,"template":"","format":"standard","meta":{"_monsterinsights_skip_tracking":false,"_monsterinsights_sitenote_active":false,"_monsterinsights_sitenote_note":"","_monsterinsights_sitenote_category":0,"_jetpack_memberships_contains_paid_content":false,"footnotes":""},"categories":[175],"tags":[],"class_list":["post-22306","post","type-post","status-publish","format-standard","has-post-thumbnail","hentry","category-nacionales"],"jetpack_featured_media_url":"https:\/\/opinionvertical.com\/wp-content\/uploads\/2026\/05\/gobierno-empresarios-y-sindicatos-unen-fuerzas-por-el-crecimiento-economico.jpg","jetpack_sharing_enabled":true,"_links":{"self":[{"href":"https:\/\/opinionvertical.com\/index.php?rest_route=\/wp\/v2\/posts\/22306","targetHints":{"allow":["GET"]}}],"collection":[{"href":"https:\/\/opinionvertical.com\/index.php?rest_route=\/wp\/v2\/posts"}],"about":[{"href":"https:\/\/opinionvertical.com\/index.php?rest_route=\/wp\/v2\/types\/post"}],"author":[{"embeddable":true,"href":"https:\/\/opinionvertical.com\/index.php?rest_route=\/wp\/v2\/users\/1"}],"replies":[{"embeddable":true,"href":"https:\/\/opinionvertical.com\/index.php?rest_route=%2Fwp%2Fv2%2Fcomments&post=22306"}],"version-history":[{"count":0,"href":"https:\/\/opinionvertical.com\/index.php?rest_route=\/wp\/v2\/posts\/22306\/revisions"}],"wp:featuredmedia":[{"embeddable":true,"href":"https:\/\/opinionvertical.com\/index.php?rest_route=\/wp\/v2\/media\/22307"}],"wp:attachment":[{"href":"https:\/\/opinionvertical.com\/index.php?rest_route=%2Fwp%2Fv2%2Fmedia&parent=22306"}],"wp:term":[{"taxonomy":"category","embeddable":true,"href":"https:\/\/opinionvertical.com\/index.php?rest_route=%2Fwp%2Fv2%2Fcategories&post=22306"},{"taxonomy":"post_tag","embeddable":true,"href":"https:\/\/opinionvertical.com\/index.php?rest_route=%2Fwp%2Fv2%2Ftags&post=22306"}],"curies":[{"name":"wp","href":"https:\/\/api.w.org\/{rel}","templated":true}]}}