{"id":5387,"date":"2026-03-19T03:41:23","date_gmt":"2026-03-19T03:41:23","guid":{"rendered":"https:\/\/e3noticias.com\/?p=32501"},"modified":"2026-03-19T03:41:23","modified_gmt":"2026-03-19T03:41:23","slug":"arte-y-memoria-soberano-2026-rinde-tributo-a-victimas-del-jet-set","status":"publish","type":"post","link":"https:\/\/opinionvertical.com\/?p=5387","title":{"rendered":"Arte y memoria: Soberano 2026 rinde tributo a v\u00edctimas del Jet Set"},"content":{"rendered":"<p>Santo Domingo.\u2013 En uno de los momentos m\u00e1s conmovedores de la noche, los Premios Soberano 2026 dedicaron un segmento especial para honrar a las v\u00edctimas de la tragedia ocurrida en el centro de diversi\u00f3n Jet Set, un hecho que impact\u00f3 profundamente a la sociedad dominicana. La presentadora Georgina Duluc introdujo el homenaje con un mensaje [&#8230;]<\/p>\n<p>The post <a href=\"https:\/\/e3noticias.com\/arte-y-memoria-soberano-2026-rinde-tributo-a-victimas-del-jet-set-2\/\">Arte y memoria: Soberano 2026 rinde tributo a v\u00edctimas del Jet Set<\/a> appeared first on <a href=\"https:\/\/e3noticias.com\">E3 NOTICIAS<\/a>.<\/p>\n","protected":false},"excerpt":{"rendered":"<p>Santo Domingo.\u2013 En uno de los momentos m\u00e1s conmovedores de la noche, los Premios Soberano 2026 dedicaron un segmento especial para honrar a las v\u00edctimas de la tragedia ocurrida en el centro de diversi\u00f3n Jet Set, un hecho que impact\u00f3 profundamente a la sociedad dominicana. La presentadora Georgina Duluc introdujo el homenaje con un mensaje [&hellip;]<\/p>\n","protected":false},"author":1,"featured_media":0,"comment_status":"closed","ping_status":"closed","sticky":false,"template":"","format":"standard","meta":{"_monsterinsights_skip_tracking":false,"_monsterinsights_sitenote_active":false,"_monsterinsights_sitenote_note":"","_monsterinsights_sitenote_category":0,"_jetpack_memberships_contains_paid_content":false,"footnotes":""},"categories":[180],"tags":[],"class_list":["post-5387","post","type-post","status-publish","format-standard","hentry","category-entretenimiento"],"jetpack_featured_media_url":"","jetpack_sharing_enabled":true,"_links":{"self":[{"href":"https:\/\/opinionvertical.com\/index.php?rest_route=\/wp\/v2\/posts\/5387","targetHints":{"allow":["GET"]}}],"collection":[{"href":"https:\/\/opinionvertical.com\/index.php?rest_route=\/wp\/v2\/posts"}],"about":[{"href":"https:\/\/opinionvertical.com\/index.php?rest_route=\/wp\/v2\/types\/post"}],"author":[{"embeddable":true,"href":"https:\/\/opinionvertical.com\/index.php?rest_route=\/wp\/v2\/users\/1"}],"replies":[{"embeddable":true,"href":"https:\/\/opinionvertical.com\/index.php?rest_route=%2Fwp%2Fv2%2Fcomments&post=5387"}],"version-history":[{"count":0,"href":"https:\/\/opinionvertical.com\/index.php?rest_route=\/wp\/v2\/posts\/5387\/revisions"}],"wp:attachment":[{"href":"https:\/\/opinionvertical.com\/index.php?rest_route=%2Fwp%2Fv2%2Fmedia&parent=5387"}],"wp:term":[{"taxonomy":"category","embeddable":true,"href":"https:\/\/opinionvertical.com\/index.php?rest_route=%2Fwp%2Fv2%2Fcategories&post=5387"},{"taxonomy":"post_tag","embeddable":true,"href":"https:\/\/opinionvertical.com\/index.php?rest_route=%2Fwp%2Fv2%2Ftags&post=5387"}],"curies":[{"name":"wp","href":"https:\/\/api.w.org\/{rel}","templated":true}]}}