{"id":8127,"date":"2026-04-20T15:24:43","date_gmt":"2026-04-20T15:24:43","guid":{"rendered":"https:\/\/7dias.com.do\/?p=529208"},"modified":"2026-04-20T15:24:43","modified_gmt":"2026-04-20T15:24:43","slug":"unicef-senala-que-maltrato-en-el-hogar-afecta-el-crecimiento-infantil-en-rd","status":"publish","type":"post","link":"https:\/\/opinionvertical.com\/?p=8127","title":{"rendered":"Unicef se\u00f1ala que maltrato en el hogar afecta el crecimiento infantil en RD"},"content":{"rendered":"<div><img decoding=\"async\" src=\"https:\/\/7dias.com.do\/wp-content\/uploads\/2026\/04\/Los-datos-son-claros-pero-la-historia-de-Teresa-lo-dice-aun-mas-fuerte-en-Republica-Dominicana-crecer-con-violencia-sigue-siendo-parte-de-la-realidad-de-muchos-ninos-y-ninas.jpg\" class=\"ff-og-image-inserted\"><\/div>\n<p>Santo Domingo, RD.- En Rep\u00fablica Dominicana, la violencia contra la ni\u00f1ez no siempre es visible, pero est\u00e1 profundamente arraigada. Los datos m\u00e1s recientes revelan que, lejos de ser una excepci\u00f3n, forma parte de la vida cotidiana de la mayor\u00eda de los ni\u00f1os y ni\u00f1as, y supera los niveles promedio de Am\u00e9rica Latina y el Caribe.<\/p>\n<p>En el contexto de abril, Mes Nacional de la Prevenci\u00f3n del Abuso Infantil, este panorama adquiere especial relevancia y refuerza el llamado a actuar ante una situaci\u00f3n que afecta tanto el presente como el futuro del pa\u00eds.<\/p>\n<p>El informe regional \u201cViolencia contra ni\u00f1as, ni\u00f1os y adolescentes en Am\u00e9rica Latina y el Caribe: nuevos datos y soluciones\u201d (2026), un estudio del Fondo de las Naciones Unidas para la Infancia (UNICEF) y la Organizaci\u00f3n Panamericana de la Salud (OPS), muestra que m\u00e1s de 6 de cada 10 ni\u00f1os, es decir, alrededor del 60 % en Am\u00e9rica Latina y el Caribe, est\u00e1n expuestos a disciplina violenta. En Rep\u00fablica Dominicana, esta proporci\u00f3n alcanza el 63 %, lo que sit\u00faa al pa\u00eds por encima del promedio regional.<\/p>\n<p>Este patr\u00f3n indica que, tanto en la regi\u00f3n como en la naci\u00f3n dominicana, la violencia no es un evento aislado, sino una experiencia acumulativa que comienza a edades tempranas y genera efectos duraderos en el desarrollo, la salud y las oportunidades futuras de ni\u00f1os, ni\u00f1as y adolescentes.<\/p>\n<p>Las cifras coinciden con las recientes alertas de UNICEF en el pa\u00eds, que describen una infancia marcada por pr\u00e1cticas normalizadas de violencia en el hogar, as\u00ed como riesgos persistentes como la violencia sexual y psicol\u00f3gica.<\/p>\n<p>\u201cLa violencia contra la ni\u00f1ez y la adolescencia tiene consecuencias profundas y duraderas en su crecimiento, aprendizaje y salud emocional. Sin embargo, es prevenible\u201d, afirm\u00f3 Carlos Carrera, representante del mencionado organismo internacional en territorio dominicano.<\/p>\n<h2 class=\"wp-block-heading\"><strong>Una violencia que se normaliza<\/strong><\/h2>\n<p>M\u00e1s all\u00e1 de los datos, el problema radica en su aceptaci\u00f3n por parte de la sociedad.<\/p>\n<p>\u201cEstamos hablando de ni\u00f1os y ni\u00f1as que crecen con miedo, marcados por la exposici\u00f3n constante a pr\u00e1cticas de violencia arraigadas en su vida diaria\u201d, advirti\u00f3 Carrera.<\/p>\n<p>El documento regional confirma que la violencia no ocurre de forma aislada, sino que se acumula en distintos entornos (hogar, escuela y comunidad) y afecta el desarrollo integral de la infancia.<\/p>\n<h2 class=\"wp-block-heading\"><strong>Cuando la violencia se convierte en biolog\u00eda<\/strong><\/h2>\n<p>La evidencia cient\u00edfica indica que el impacto trasciende lo social.<\/p>\n<p>Seg\u00fan la Organizaci\u00f3n Mundial de la Salud (OMS), en su investigaci\u00f3n m\u00e1s reciente, <strong><em>Castigo corporal de ni\u00f1os: el impacto en la salud p\u00fablica (2025)<\/em><\/strong>, la exposici\u00f3n temprana a la violencia grave y prolongada puede generar estr\u00e9s t\u00f3xico, lo que provoca una activaci\u00f3n del sistema de respuesta al estr\u00e9s que puede alterar el desarrollo cerebral.<\/p>\n<p>Esto afecta la regulaci\u00f3n emocional, la memoria y la capacidad de aprendizaje. En consecuencia, la violencia no solo impacta el presente, sino que tambi\u00e9n aumenta el riesgo de que la ni\u00f1a o el ni\u00f1o repita los patrones de violencia, ya sea como v\u00edctima o como agresor.<\/p>\n<p>En el \u00e1mbito global, los efectos tambi\u00e9n han sido cuantificados: se estima que el 40 % de los ni\u00f1os expuestos a la violencia presentan afectaciones en su salud mental, el 35 % desarrolla conductas agresivas, el 30 % muestra un bajo rendimiento acad\u00e9mico y el 25 % experimenta un deterioro en sus relaciones sociales. Estos datos refuerzan que el impacto es multidimensional y trasciende generaciones.<\/p>\n<h2 class=\"wp-block-heading\"><strong>Otros hallazgos de la ciencia<\/strong><\/h2>\n<p>La serie \u201cViolence against children\u201d, o su traducci\u00f3n \u201cViolencia contra los ni\u00f1os\u201d, publicada en 2016 en The Lancet \u2014una referencia global en la materia\u2014 estableci\u00f3 que el maltrato infantil est\u00e1 asociado con mayores tasas de depresi\u00f3n y ansiedad, un menor rendimiento educativo y un mayor riesgo de reproducir violencia en la adultez.<\/p>\n<p>Adem\u00e1s, advierte que estos efectos impactan directamente en el desarrollo econ\u00f3mico de los pa\u00edses al limitar el capital humano.<\/p>\n<p>Estos hallazgos han sido respaldados por la evidencia mencionada de la OMS, publicada el a\u00f1o pasado, que confirma que prevenir la violencia en la infancia es una de las intervenciones m\u00e1s rentables para el desarrollo social.<\/p>\n<h2 class=\"wp-block-heading\"><strong>Una oportunidad para actuar<\/strong><\/h2>\n<p>\u00abLos datos son fundamentales: fortalecer los sistemas de protecci\u00f3n y asegurar pol\u00edticas p\u00fablicas basadas en evidencia es clave para responder a la magnitud de la violencia contra la ni\u00f1ez\u00bb, subray\u00f3 el representante de UNICEF.<\/p>\n<p>En esa l\u00ednea, la investigaci\u00f3n regional publicada este a\u00f1o por UNICEF y la OPS resalta la existencia de intervenciones eficaces y ampliamente documentadas, como la promoci\u00f3n de pr\u00e1cticas de crianza y disciplina positiva, el fortalecimiento de los sistemas de protecci\u00f3n y el apoyo integral a las familias. La evidencia es concluyente: las soluciones existen y han demostrado resultados.<\/p>\n<p>En este contexto, el Fondo de las Naciones Unidas para la Infancia advierte que la urgencia es clara. En la Rep\u00fablica Dominicana, la violencia contra la ni\u00f1ez es persistente, comienza desde los primeros a\u00f1os y deja consecuencias duraderas. El desaf\u00edo ya no es reconocerla, sino actuar con determinaci\u00f3n para cambiarla. Ante esto, la campa\u00f1a \u201cLos Datos Cuentan\u201d coloca la evidencia en el centro como motor de cambio. Porque m\u00e1s que cifras, los datos visibilizan la realidad y ayudan a impulsar acciones para prevenir la violencia.<\/p>\n<p>Por supuesto, estar\u00e9 encantado de ayudarte. Sin embargo, parece que no has proporcionado el p\u00e1rrafo que deseas corregir. Por favor, env\u00edame el texto y con gusto lo revisar\u00e9 para ti.<\/p>\n<p>A sus cinco a\u00f1os, Teresa (nombre cambiado) ya sab\u00eda cu\u00e1ndo deb\u00eda guardar silencio. En su casa, los gritos formaban parte de la rutina y los castigos se percib\u00edan como algo \u00abnormal\u00bb. En la escuela, le resultaba dif\u00edcil concentrarse y sonre\u00edr, aunque nadie comprend\u00eda por qu\u00e9. Al igual que ella, miles de ni\u00f1os y ni\u00f1as crecen aprendiendo a vivir con miedo, cargando heridas invisibles que afectan su desarrollo. Su historia no es un caso aislado: es el reflejo de una realidad que a\u00fan podemos cambiar.<\/p>\n","protected":false},"excerpt":{"rendered":"<p>Santo Domingo, RD.- En Rep\u00fablica Dominicana, la violencia contra la ni\u00f1ez no siempre es visible, pero est\u00e1 profundamente arraigada. Los datos m\u00e1s recientes revelan que, lejos de ser una excepci\u00f3n, forma parte de la vida cotidiana de la mayor\u00eda de los ni\u00f1os y ni\u00f1as, y supera los niveles promedio de Am\u00e9rica Latina y el Caribe. [&hellip;]<\/p>\n","protected":false},"author":1,"featured_media":8128,"comment_status":"closed","ping_status":"closed","sticky":false,"template":"","format":"standard","meta":{"_monsterinsights_skip_tracking":false,"_monsterinsights_sitenote_active":false,"_monsterinsights_sitenote_note":"","_monsterinsights_sitenote_category":0,"_jetpack_memberships_contains_paid_content":false,"footnotes":""},"categories":[175,181],"tags":[],"class_list":["post-8127","post","type-post","status-publish","format-standard","has-post-thumbnail","hentry","category-nacionales","category-salud"],"jetpack_featured_media_url":"https:\/\/opinionvertical.com\/wp-content\/uploads\/2026\/04\/unicef-senala-que-maltrato-en-el-hogar-afecta-el-crecimiento-infantil-en-rd.jpg","jetpack_sharing_enabled":true,"_links":{"self":[{"href":"https:\/\/opinionvertical.com\/index.php?rest_route=\/wp\/v2\/posts\/8127","targetHints":{"allow":["GET"]}}],"collection":[{"href":"https:\/\/opinionvertical.com\/index.php?rest_route=\/wp\/v2\/posts"}],"about":[{"href":"https:\/\/opinionvertical.com\/index.php?rest_route=\/wp\/v2\/types\/post"}],"author":[{"embeddable":true,"href":"https:\/\/opinionvertical.com\/index.php?rest_route=\/wp\/v2\/users\/1"}],"replies":[{"embeddable":true,"href":"https:\/\/opinionvertical.com\/index.php?rest_route=%2Fwp%2Fv2%2Fcomments&post=8127"}],"version-history":[{"count":0,"href":"https:\/\/opinionvertical.com\/index.php?rest_route=\/wp\/v2\/posts\/8127\/revisions"}],"wp:featuredmedia":[{"embeddable":true,"href":"https:\/\/opinionvertical.com\/index.php?rest_route=\/wp\/v2\/media\/8128"}],"wp:attachment":[{"href":"https:\/\/opinionvertical.com\/index.php?rest_route=%2Fwp%2Fv2%2Fmedia&parent=8127"}],"wp:term":[{"taxonomy":"category","embeddable":true,"href":"https:\/\/opinionvertical.com\/index.php?rest_route=%2Fwp%2Fv2%2Fcategories&post=8127"},{"taxonomy":"post_tag","embeddable":true,"href":"https:\/\/opinionvertical.com\/index.php?rest_route=%2Fwp%2Fv2%2Ftags&post=8127"}],"curies":[{"name":"wp","href":"https:\/\/api.w.org\/{rel}","templated":true}]}}