{"id":9218,"date":"2026-04-24T13:20:27","date_gmt":"2026-04-24T13:20:27","guid":{"rendered":"https:\/\/7dias.com.do\/?p=530514"},"modified":"2026-04-24T13:20:27","modified_gmt":"2026-04-24T13:20:27","slug":"vicepresidenta-raquel-pena-entrega-nuevo-centro-diagnostico-en-los-alcarrizos","status":"publish","type":"post","link":"https:\/\/opinionvertical.com\/?p=9218","title":{"rendered":"Vicepresidenta Raquel Pe\u00f1a entrega nuevo centro diagn\u00f3stico en Los Alcarrizos"},"content":{"rendered":"<div><img decoding=\"async\" src=\"https:\/\/7dias.com.do\/wp-content\/uploads\/2026\/04\/1000378744-1.jpg\" class=\"ff-og-image-inserted\"><\/div>\n<p>Santo Domingo, RD.- La vicepresidenta Raquel Pe\u00f1a, junto con el director ejecutivo del Servicio Nacional de Salud (SNS), Julio C\u00e9sar Landr\u00f3n, encabez\u00f3 la entrega del renovado Centro Cl\u00ednico Diagn\u00f3stico del Primer Nivel de Atenci\u00f3n Los Alcarrizos I, una infraestructura que fortalecer\u00e1 la capacidad de respuesta del sistema sanitario en el municipio.<\/p>\n<p>La vicemandataria asegur\u00f3 que el espacio renovado permitir\u00e1 brindar servicios esenciales en condiciones adecuadas, garantizando consultas oportunas, seguimiento preventivo y orientaci\u00f3n continua para las familias.<\/p>\n<p>\u201cCon la renovaci\u00f3n de este centro en Los Alcarrizos, damos un paso firme hacia una atenci\u00f3n m\u00e1s digna y cercana para las familias de este municipio, lo que refleja el compromiso del presidente Luis Abinader de seguir fortaleciendo nuestro sistema sanitario\u201d, expres\u00f3 Pe\u00f1a.<\/p>\n<p>Por su parte, el doctor Julio C\u00e9sar Landr\u00f3n afirm\u00f3 que el SNS sigue impulsando la transformaci\u00f3n del sistema de salud en todo el pa\u00eds mediante la renovaci\u00f3n y el equipamiento de los centros de la Red P\u00fablica.<\/p>\n<p>\u201cLo que hoy entregamos es la evidencia del compromiso del presidente Luis Abinader y de la vicepresidenta Raquel Pe\u00f1a para acercar los servicios de salud a cada ciudadano, sin importar d\u00f3nde viva. Un diagn\u00f3stico oportuno significa tratamiento a tiempo, y un tratamiento a tiempo significa vidas salvadas\u201d, puntualiz\u00f3.<\/p>\n<p>La obra requiri\u00f3 una inversi\u00f3n total de RD$79,621,141.93, de los cuales RD$60,319,252.97 se destinaron al remozamiento de la infraestructura y RD$19,301,888.96 a su equipamiento.<\/p>\n<p>La intervenci\u00f3n incluy\u00f3 la adecuaci\u00f3n de \u00e1reas como la sala de espera, el registro, los consultorios m\u00e9dicos, el laboratorio cl\u00ednico, la sonograf\u00eda, los rayos X, la nebulizaci\u00f3n, el triaje, la observaci\u00f3n, as\u00ed como los espacios administrativos y de apoyo.<\/p>\n<p>En el acto estuvieron presentes la gobernadora de Santo Domingo, Lucrecia Santana; el alcalde de Los Alcarrizos, Danilo Santos; el director de PROMESE\/CAL, Jos\u00e9 Luis L\u00f3pez; y el director del INABIE, Adolfo P\u00e9rez.<\/p>\n<p>Tambi\u00e9n participaron el director regional de Salud Metropolitana, Edison F\u00e9lix; el director de Centros de Primer Nivel del SNS, Alfonso Herasme; la directora del centro, Patricia Garc\u00eda, junto con personal m\u00e9dico y administrativo.<\/p>\n","protected":false},"excerpt":{"rendered":"<p>Santo Domingo, RD.- La vicepresidenta Raquel Pe\u00f1a, junto con el director ejecutivo del Servicio Nacional de Salud (SNS), Julio C\u00e9sar Landr\u00f3n, encabez\u00f3 la entrega del renovado Centro Cl\u00ednico Diagn\u00f3stico del Primer Nivel de Atenci\u00f3n Los Alcarrizos I, una infraestructura que fortalecer\u00e1 la capacidad de respuesta del sistema sanitario en el municipio. La vicemandataria asegur\u00f3 que [&hellip;]<\/p>\n","protected":false},"author":1,"featured_media":9219,"comment_status":"closed","ping_status":"closed","sticky":false,"template":"","format":"standard","meta":{"_monsterinsights_skip_tracking":false,"_monsterinsights_sitenote_active":false,"_monsterinsights_sitenote_note":"","_monsterinsights_sitenote_category":0,"_jetpack_memberships_contains_paid_content":false,"footnotes":""},"categories":[175,181],"tags":[],"class_list":["post-9218","post","type-post","status-publish","format-standard","has-post-thumbnail","hentry","category-nacionales","category-salud"],"jetpack_featured_media_url":"https:\/\/opinionvertical.com\/wp-content\/uploads\/2026\/04\/vicepresidenta-raquel-pena-entrega-nuevo-centro-diagnostico-en-los-alcarrizos.jpg","jetpack_sharing_enabled":true,"_links":{"self":[{"href":"https:\/\/opinionvertical.com\/index.php?rest_route=\/wp\/v2\/posts\/9218","targetHints":{"allow":["GET"]}}],"collection":[{"href":"https:\/\/opinionvertical.com\/index.php?rest_route=\/wp\/v2\/posts"}],"about":[{"href":"https:\/\/opinionvertical.com\/index.php?rest_route=\/wp\/v2\/types\/post"}],"author":[{"embeddable":true,"href":"https:\/\/opinionvertical.com\/index.php?rest_route=\/wp\/v2\/users\/1"}],"replies":[{"embeddable":true,"href":"https:\/\/opinionvertical.com\/index.php?rest_route=%2Fwp%2Fv2%2Fcomments&post=9218"}],"version-history":[{"count":0,"href":"https:\/\/opinionvertical.com\/index.php?rest_route=\/wp\/v2\/posts\/9218\/revisions"}],"wp:featuredmedia":[{"embeddable":true,"href":"https:\/\/opinionvertical.com\/index.php?rest_route=\/wp\/v2\/media\/9219"}],"wp:attachment":[{"href":"https:\/\/opinionvertical.com\/index.php?rest_route=%2Fwp%2Fv2%2Fmedia&parent=9218"}],"wp:term":[{"taxonomy":"category","embeddable":true,"href":"https:\/\/opinionvertical.com\/index.php?rest_route=%2Fwp%2Fv2%2Fcategories&post=9218"},{"taxonomy":"post_tag","embeddable":true,"href":"https:\/\/opinionvertical.com\/index.php?rest_route=%2Fwp%2Fv2%2Ftags&post=9218"}],"curies":[{"name":"wp","href":"https:\/\/api.w.org\/{rel}","templated":true}]}}